{"id":20971,"date":"2019-01-25T00:14:49","date_gmt":"2019-01-25T03:14:49","guid":{"rendered":"http:\/\/www.maisbn.com\/portal\/?p=20971"},"modified":"2019-01-25T00:14:49","modified_gmt":"2019-01-25T03:14:49","slug":"muita-emocao-marca-a-pre-inauguracao-do-novo-templo-da-assembleia-de-deus-de-belmonte","status":"publish","type":"post","link":"https:\/\/www.maisbn.com\/portal\/2019\/01\/muita-emocao-marca-a-pre-inauguracao-do-novo-templo-da-assembleia-de-deus-de-belmonte\/","title":{"rendered":"Muita emo\u00e7\u00e3o marca a Pr\u00e9-inaugura\u00e7\u00e3o do novo Templo da Assembleia de Deus de Belmonte."},"content":{"rendered":"<p><a href=\"http:\/\/www.maisbn.com\/portal\/wp-content\/uploads\/2019\/01\/mosaico_inauguracaoassembleia.jpg\"><img loading=\"lazy\" decoding=\"async\" class=\"aligncenter wp-image-20978\" src=\"http:\/\/www.maisbn.com\/portal\/wp-content\/uploads\/2019\/01\/mosaico_inauguracaoassembleia.jpg\" alt=\"mosaico_inauguracaoassembleia\" width=\"600\" height=\"386\" \/><\/a><\/p>\n<p>Na noite da \u00faltima ter\u00e7a-feira (22\/01) aconteceu em Belmonte a festa de Pr\u00e9-inaugura\u00e7\u00e3o do novo Templo da Igreja Evang\u00e9lica Assembleia de Deus\u00a0 de Belmonte. O evento contou com a presenta dos Pastores:\u00a0Nivaldo Marques de Souza (Igreja Jesus Cristo no Brasil-Belmonte), Manoel Castro (Igreja Evang\u00e9lica Assembl\u00e9ia de Deus de Almenara-M. Gerais) e Pastor Paulo de Jesus Almeida, da Igreja do Evangelho Quadrangular-Almenara-M. Gerais. O evento ainda contou com a presen\u00e7a do Secret\u00e1rio Municipal de Infraestrutura Luciano Alves e do cantor Gerson Rufino, de Santa Catarina. O evento ainda contou com a presen\u00e7a de v\u00e1rias Caravanas vindas dos distritos do Guai\u00fa, Mogiqui\u00e7aba e Barrol\u00e2ndia. Tamb\u00e9m se fizeram presentes evang\u00e9licos de outras denomina\u00e7\u00f5es de Belmonte.<\/p>\n<p><a href=\"http:\/\/www.maisbn.com\/portal\/wp-content\/uploads\/2019\/01\/gersonrufino_00068.jpg\"><img loading=\"lazy\" decoding=\"async\" class=\"aligncenter wp-image-20977\" src=\"http:\/\/www.maisbn.com\/portal\/wp-content\/uploads\/2019\/01\/gersonrufino_00068.jpg\" alt=\"gersonrufino_00068\" width=\"600\" height=\"380\" \/><\/a><\/p>\n<p>Muita emo\u00e7\u00e3o tomou conta do templo durante a prele\u00e7\u00e3o dos Pastores que pregaram a palavra e aben\u00e7oaram o novo local de encontro, de ora\u00e7\u00e3o e adora\u00e7\u00e3o ao Senhor. Um momento muito emocionante, que deve ser registrado, foi a apresenta\u00e7\u00e3o do cantor Gerson Rufino que, com a sua voz poderosa, transformou todo o p\u00fablico presente em um verdadeiro coral de louvor ao Senhor que foi ouvido em v\u00e1rias partes da cidade. Tamb\u00e9m foi feito o apelo aos presentes para se arrependerem dos seus pecados. 12 pessoas aceitaram se converter e vieram \u00e0 frente para aceitar o Senhor Jesus Cristo como o seu Redentor e Salvador.<\/p>\n<p><iframe loading=\"lazy\" src=\"https:\/\/www.youtube.com\/embed\/kPpx1m_gQSU\" width=\"560\" height=\"315\" frameborder=\"0\" allowfullscreen=\"allowfullscreen\"><\/iframe><\/p>\n<p>O Pastor Valdemir Dias de Araujo (Presidente), juntamente com toda a Igreja Assembleia de Deus, agradeceu primeiramente a Deus pelas ben\u00e7\u00e3os e tamb\u00e9m \u00e0 Conven\u00e7\u00e3o Estadual, na pessoa do Pastor Presidente Valdomiro Pereira da Silva, por ter confiado e entregado ao mesmo o comando da Igreja em Belmonte. O Pastor tamb\u00e9m agradeceu a presenta de todos os presentes e anunciou que continuar\u00e1 com o trabalho de evangeliza\u00e7\u00e3o e de divulga\u00e7\u00e3o da palavra para que, a cada dia, mais pessoas alcancem a plenitude e a felicidade de uma vida em Cristo.\u00a0\u201cN\u00f3s estamos aqui hoje, edificando o Templo, e a B\u00edblia simboliza a edifica\u00e7\u00e3o na palavra. Estou muito feliz pela vit\u00f3ria\u00a0 que \u00e9 essa Pr\u00e9-inaugura\u00e7\u00e3o do Novo Templo da Igreja Evang\u00e9lica Assembleia de Deus de Belmonte. O que Deus est\u00e1 fazendo a esse Campo, nada mais \u00e9 do que a uni\u00e3o e a colabora\u00e7\u00e3o de todos os irm\u00e3os e amigos que colaboraram com a obra de Deus.&#8221; &#8211; Finalizou o Pastor Valdemir.<\/p>\n<p>&nbsp;<\/p>\n","protected":false},"excerpt":{"rendered":"<p>Na noite da \u00faltima ter\u00e7a-feira (22\/01) aconteceu em Belmonte a festa de Pr\u00e9-inaugura\u00e7\u00e3o do novo Templo da Igreja Evang\u00e9lica Assembleia de Deus\u00a0 de Belmonte. O evento contou com a presenta dos Pastores:\u00a0Nivaldo Marques de Souza (Igreja Jesus Cristo no Brasil-Belmonte), Manoel Castro (Igreja Evang\u00e9lica Assembl\u00e9ia de Deus de Almenara-M. Gerais) e Pastor Paulo de Jesus [&hellip;]<\/p>\n","protected":false},"author":7,"featured_media":20977,"comment_status":"open","ping_status":"open","sticky":false,"template":"","format":"standard","meta":{"footnotes":""},"categories":[1,98],"tags":[108],"class_list":["post-20971","post","type-post","status-publish","format-standard","has-post-thumbnail","hentry","category-noticias","category-religiao","tag-belmonte"],"_links":{"self":[{"href":"https:\/\/www.maisbn.com\/portal\/wp-json\/wp\/v2\/posts\/20971","targetHints":{"allow":["GET"]}}],"collection":[{"href":"https:\/\/www.maisbn.com\/portal\/wp-json\/wp\/v2\/posts"}],"about":[{"href":"https:\/\/www.maisbn.com\/portal\/wp-json\/wp\/v2\/types\/post"}],"author":[{"embeddable":true,"href":"https:\/\/www.maisbn.com\/portal\/wp-json\/wp\/v2\/users\/7"}],"replies":[{"embeddable":true,"href":"https:\/\/www.maisbn.com\/portal\/wp-json\/wp\/v2\/comments?post=20971"}],"version-history":[{"count":4,"href":"https:\/\/www.maisbn.com\/portal\/wp-json\/wp\/v2\/posts\/20971\/revisions"}],"predecessor-version":[{"id":20981,"href":"https:\/\/www.maisbn.com\/portal\/wp-json\/wp\/v2\/posts\/20971\/revisions\/20981"}],"wp:featuredmedia":[{"embeddable":true,"href":"https:\/\/www.maisbn.com\/portal\/wp-json\/wp\/v2\/media\/20977"}],"wp:attachment":[{"href":"https:\/\/www.maisbn.com\/portal\/wp-json\/wp\/v2\/media?parent=20971"}],"wp:term":[{"taxonomy":"category","embeddable":true,"href":"https:\/\/www.maisbn.com\/portal\/wp-json\/wp\/v2\/categories?post=20971"},{"taxonomy":"post_tag","embeddable":true,"href":"https:\/\/www.maisbn.com\/portal\/wp-json\/wp\/v2\/tags?post=20971"}],"curies":[{"name":"wp","href":"https:\/\/api.w.org\/{rel}","templated":true}]}}