{"id":2093,"date":"2013-01-10T11:12:28","date_gmt":"2013-01-10T13:12:28","guid":{"rendered":"http:\/\/www.maisbn.com\/portal\/?p=2093"},"modified":"2013-01-10T11:19:54","modified_gmt":"2013-01-10T13:19:54","slug":"dois-novos-secretarios-ja-foram-divulgados-pela-prefeita-alice-elias","status":"publish","type":"post","link":"https:\/\/www.maisbn.com\/portal\/2013\/01\/dois-novos-secretarios-ja-foram-divulgados-pela-prefeita-alice-elias\/","title":{"rendered":"Dois novos secret\u00e1rios j\u00e1 foram divulgados pela prefeita Alice Elias."},"content":{"rendered":"<div id=\"attachment_2095\" style=\"width: 360px\" class=\"wp-caption alignleft\"><a href=\"http:\/\/www.maisbn.com\/portal\/wp-content\/uploads\/2013\/01\/ANNA-MARCIA.jpg\"><img loading=\"lazy\" decoding=\"async\" aria-describedby=\"caption-attachment-2095\" class=\"size-thumbnail wp-image-2095\" alt=\"Ana M\u00e1rcia - Secret\u00e1ria de Sa\u00fade\" src=\"http:\/\/www.maisbn.com\/portal\/wp-content\/uploads\/2013\/01\/ANNA-MARCIA-350x175.jpg\" width=\"350\" height=\"175\" \/><\/a><p id=\"caption-attachment-2095\" class=\"wp-caption-text\">Ana M\u00e1rcia &#8211; Secret\u00e1ria de Sa\u00fade<\/p><\/div>\n<p>A prefeita Alice Elias come\u00e7a o seu governo anunciando aos poucos o seu secretariado. Os nomes j\u00e1 confirmados \u00e0 toda imprensa s\u00e3o os da Secretaria da Sa\u00fade que ficou sob o comando da enfermeira Ana M\u00e1rcia Santos Homem Del Rey que \u00e9 formada em enfermagem e administra\u00e7\u00e3o.<\/p>\n<p>O segundo nome escolhido e j\u00e1 disponibilizado \u00e0 imprensa \u00e9 o da Secretaria de Educa\u00e7\u00e3o que ficou sob o comando da Sr\u00aa L\u00edcia Maria Raic de Melo que \u00e9 p\u00f3s-graduada em Pedagogia pela UESC-Universidade Estadual Santa Cruz, e j\u00e1 havia contribu\u00eddo com seus servi\u00e7os, durante o per\u00edodo em que a atual prefeita comandava a Secretaria de Educa\u00e7\u00e3o.<\/p>\n<div id=\"attachment_2094\" style=\"width: 360px\" class=\"wp-caption alignright\"><a href=\"http:\/\/www.maisbn.com\/portal\/wp-content\/uploads\/2013\/01\/liciamaria.jpg\"><img loading=\"lazy\" decoding=\"async\" aria-describedby=\"caption-attachment-2094\" class=\"size-thumbnail wp-image-2094\" alt=\"L\u00edcia Maria Raic de Melo - Secret\u00e1ria de Educa\u00e7\u00e3o\" src=\"http:\/\/www.maisbn.com\/portal\/wp-content\/uploads\/2013\/01\/liciamaria-350x175.jpg\" width=\"350\" height=\"175\" \/><\/a><p id=\"caption-attachment-2094\" class=\"wp-caption-text\">L\u00edcia Maria Raic de Melo &#8211; Secret\u00e1ria de Educa\u00e7\u00e3o<\/p><\/div>\n<p>Segundo os correligion\u00e1rios da atual prefeita, as escolhas est\u00e3o sendo feitas com base na forma\u00e7\u00e3o t\u00e9cnica e nos servi\u00e7os prestados \u00e0 comunidade. Por enquanto n\u00e3o foram divulgados ainda os outros nomes que ocupar\u00e3o o governo e ainda n\u00e3o \u00e9 possivel avaliar como ser\u00e1 a plataforma da nova administra\u00e7\u00e3o. A \u00fanica coisa que se sabe \u00e9 que a nova prefeita ter\u00e1 uma dificil tarefa pela frente de arrumar a casa e colocar Belmonte no caminho do desenvolvimento e todos torcemos para que esse grande sonho se torne realidade.<\/p>\n","protected":false},"excerpt":{"rendered":"<p>A prefeita Alice Elias come\u00e7a o seu governo anunciando aos poucos o seu secretariado. Os nomes j\u00e1 confirmados \u00e0 toda imprensa s\u00e3o os da Secretaria da Sa\u00fade que ficou sob o comando da enfermeira Ana M\u00e1rcia Santos Homem Del Rey que \u00e9 formada em enfermagem e administra\u00e7\u00e3o. O segundo nome escolhido e j\u00e1 disponibilizado \u00e0 [&hellip;]<\/p>\n","protected":false},"author":7,"featured_media":0,"comment_status":"closed","ping_status":"open","sticky":false,"template":"","format":"standard","meta":{"footnotes":""},"categories":[7],"tags":[308,113],"class_list":["post-2093","post","type-post","status-publish","format-standard","hentry","category-politica","tag-prefeita-alice-elias","tag-prefeitura-de-belmonte"],"_links":{"self":[{"href":"https:\/\/www.maisbn.com\/portal\/wp-json\/wp\/v2\/posts\/2093","targetHints":{"allow":["GET"]}}],"collection":[{"href":"https:\/\/www.maisbn.com\/portal\/wp-json\/wp\/v2\/posts"}],"about":[{"href":"https:\/\/www.maisbn.com\/portal\/wp-json\/wp\/v2\/types\/post"}],"author":[{"embeddable":true,"href":"https:\/\/www.maisbn.com\/portal\/wp-json\/wp\/v2\/users\/7"}],"replies":[{"embeddable":true,"href":"https:\/\/www.maisbn.com\/portal\/wp-json\/wp\/v2\/comments?post=2093"}],"version-history":[{"count":0,"href":"https:\/\/www.maisbn.com\/portal\/wp-json\/wp\/v2\/posts\/2093\/revisions"}],"wp:attachment":[{"href":"https:\/\/www.maisbn.com\/portal\/wp-json\/wp\/v2\/media?parent=2093"}],"wp:term":[{"taxonomy":"category","embeddable":true,"href":"https:\/\/www.maisbn.com\/portal\/wp-json\/wp\/v2\/categories?post=2093"},{"taxonomy":"post_tag","embeddable":true,"href":"https:\/\/www.maisbn.com\/portal\/wp-json\/wp\/v2\/tags?post=2093"}],"curies":[{"name":"wp","href":"https:\/\/api.w.org\/{rel}","templated":true}]}}