{"id":2068,"date":"2013-01-08T13:46:29","date_gmt":"2013-01-08T15:46:29","guid":{"rendered":"http:\/\/www.maisbn.com\/portal\/?p=2068"},"modified":"2013-01-08T13:46:29","modified_gmt":"2013-01-08T15:46:29","slug":"verador-carvalho-busca-projeto-minha-casa-minha-vida-para-zona-rural-de-belmonte","status":"publish","type":"post","link":"https:\/\/www.maisbn.com\/portal\/2013\/01\/verador-carvalho-busca-projeto-minha-casa-minha-vida-para-zona-rural-de-belmonte\/","title":{"rendered":"Verador Carvalho busca projeto Minha Casa, Minha Vida para zona rural de Belmonte."},"content":{"rendered":"<p><a href=\"http:\/\/www.maisbn.com\/portal\/wp-content\/uploads\/2013\/01\/carvalho1.jpg\"><img loading=\"lazy\" decoding=\"async\" class=\"aligncenter size-full wp-image-2069\" alt=\"carvalho\" src=\"http:\/\/www.maisbn.com\/portal\/wp-content\/uploads\/2013\/01\/carvalho1.jpg\" width=\"600\" height=\"450\" srcset=\"https:\/\/www.maisbn.com\/portal\/wp-content\/uploads\/2013\/01\/carvalho1.jpg 600w, https:\/\/www.maisbn.com\/portal\/wp-content\/uploads\/2013\/01\/carvalho1-466x350.jpg 466w, https:\/\/www.maisbn.com\/portal\/wp-content\/uploads\/2013\/01\/carvalho1-500x375.jpg 500w\" sizes=\"auto, (max-width: 600px) 100vw, 600px\" \/><\/a><\/p>\n<p>Foi realizada na manh\u00e3 desta sexta-feira 04\/01, na Caixa Econ\u00f4mica Federal \u2013 Ger\u00eancia de Desenvolvimento Urbano \u2013 GIDUR em Itabuna, reuni\u00e3o com a Urbanista e Arquiteta, Aila Guerreiro, respons\u00e1vel pelo Programa Nacional de Habita\u00e7\u00e3o Rural (PNHR) Minha Casa, Minha Vida e o Vereador Carvalho.<\/p>\n<p>O objetivo da reuni\u00e3o foi para tratar da implanta\u00e7\u00e3o do Programa Minha Casa, Minha Vida na zona rural de Belmonte. O Programa viabiliza a constru\u00e7\u00e3o, amplia\u00e7\u00e3o e reformas de unidades habitacionais para pequenos agricultores, no valor m\u00e1ximo de 28.500,00 (vinte e oito mil e quinhentos reais).<\/p>\n<p>Para Carvalho a reuni\u00e3o foi muito proveitosa e v\u00ea a real possibilidade da Associa\u00e7\u00e3o dos Agricultores de Belmonte e Regi\u00e3o \u2013 AABR, desenvolver o Programa PNHR para os pequenos agricultores de Belmonte. As depesas com transporte foi viabilizada pela Prefeitura de Belmonte.<\/p>\n","protected":false},"excerpt":{"rendered":"<p>Foi realizada na manh\u00e3 desta sexta-feira 04\/01, na Caixa Econ\u00f4mica Federal \u2013 Ger\u00eancia de Desenvolvimento Urbano \u2013 GIDUR em Itabuna, reuni\u00e3o com a Urbanista e Arquiteta, Aila Guerreiro, respons\u00e1vel pelo Programa Nacional de Habita\u00e7\u00e3o Rural (PNHR) Minha Casa, Minha Vida e o Vereador Carvalho. O objetivo da reuni\u00e3o foi para tratar da implanta\u00e7\u00e3o do Programa [&hellip;]<\/p>\n","protected":false},"author":7,"featured_media":0,"comment_status":"closed","ping_status":"open","sticky":false,"template":"","format":"standard","meta":{"footnotes":""},"categories":[29],"tags":[108,317],"class_list":["post-2068","post","type-post","status-publish","format-standard","hentry","category-empreendimentos","tag-belmonte","tag-vereador-carvalho"],"_links":{"self":[{"href":"https:\/\/www.maisbn.com\/portal\/wp-json\/wp\/v2\/posts\/2068","targetHints":{"allow":["GET"]}}],"collection":[{"href":"https:\/\/www.maisbn.com\/portal\/wp-json\/wp\/v2\/posts"}],"about":[{"href":"https:\/\/www.maisbn.com\/portal\/wp-json\/wp\/v2\/types\/post"}],"author":[{"embeddable":true,"href":"https:\/\/www.maisbn.com\/portal\/wp-json\/wp\/v2\/users\/7"}],"replies":[{"embeddable":true,"href":"https:\/\/www.maisbn.com\/portal\/wp-json\/wp\/v2\/comments?post=2068"}],"version-history":[{"count":0,"href":"https:\/\/www.maisbn.com\/portal\/wp-json\/wp\/v2\/posts\/2068\/revisions"}],"wp:attachment":[{"href":"https:\/\/www.maisbn.com\/portal\/wp-json\/wp\/v2\/media?parent=2068"}],"wp:term":[{"taxonomy":"category","embeddable":true,"href":"https:\/\/www.maisbn.com\/portal\/wp-json\/wp\/v2\/categories?post=2068"},{"taxonomy":"post_tag","embeddable":true,"href":"https:\/\/www.maisbn.com\/portal\/wp-json\/wp\/v2\/tags?post=2068"}],"curies":[{"name":"wp","href":"https:\/\/api.w.org\/{rel}","templated":true}]}}