{"id":20660,"date":"2018-12-11T10:16:08","date_gmt":"2018-12-11T13:16:08","guid":{"rendered":"http:\/\/www.maisbn.com\/portal\/?p=20660"},"modified":"2018-12-11T10:16:08","modified_gmt":"2018-12-11T13:16:08","slug":"deputados-darao-continuidade-a-votacao-de-pacote-economico-de-rui-mesmo-apos-protesto-de-pms","status":"publish","type":"post","link":"https:\/\/www.maisbn.com\/portal\/2018\/12\/deputados-darao-continuidade-a-votacao-de-pacote-economico-de-rui-mesmo-apos-protesto-de-pms\/","title":{"rendered":"Deputados dar\u00e3o continuidade a vota\u00e7\u00e3o de pacote econ\u00f4mico de Rui mesmo ap\u00f3s protesto de PMs."},"content":{"rendered":"<p><a href=\"http:\/\/www.maisbn.com\/portal\/wp-content\/uploads\/2018\/12\/Protestospmsalba.jpg\"><img loading=\"lazy\" decoding=\"async\" class=\"aligncenter size-full wp-image-20661\" src=\"http:\/\/www.maisbn.com\/portal\/wp-content\/uploads\/2018\/12\/Protestospmsalba.jpg\" alt=\"Protestospmsalba\" width=\"600\" height=\"368\" \/><\/a><\/p>\n<p>Mesmo com a reivindica\u00e7\u00e3o e amea\u00e7as de paraliza\u00e7\u00e3o de associa\u00e7\u00f5es ligadas ao efetivo da Pol\u00edcia Militar, a Assembleia Legislativa da Bahia dar\u00e1 continuidade, nesta ter\u00e7a-feira (11), a vota\u00e7\u00e3o do pacote de medidas econ\u00f4micas enviado pelo governador Rui Costa (PT). Na \u00faltima quinta-feira (6), representantes da Pol\u00edcia Militar se reuniram com o deputado Z\u00e9 Neto (PT), l\u00edder do governo na Casa, contra a vota\u00e7\u00e3o do projeto que reajusta a al\u00edquota da previd\u00eancia estadual de 12% para 14%. Os policiais cobravam do governo uma resposta at\u00e9 esta segunda (10) e n\u00e3o descartaram uma nova greve no estado caso n\u00e3o fossem atendidos.<\/p>\n<p>Diante do cen\u00e1rio, Z\u00e9 Neto mant\u00e9m conversa com o secret\u00e1rio de Seguran\u00e7a P\u00fablica, Maur\u00edcio Barbosa, sobre o assunto. O governo deve esperar a aprova\u00e7\u00e3o das medidas na Casa Legislativa\u00a0para negociar compensa\u00e7\u00f5es com os PMs. <strong><em>\u201cConversarei com eles [policiais militares] pela manh\u00e3, mas essas ser\u00e3o reivindica\u00e7\u00f5es que ser\u00e3o discutidas depois que acalmar a poeira\u201d<\/em><\/strong>, falou o l\u00edder do governo.\u00a0<strong><em>\u201cVamos conversar, mas n\u00e3o nesse ambiente, depois da reforma\u201d<\/em><\/strong>, completou.\u00a0O pacote econ\u00f4mico de Rui, considerado \u201camargo\u201d pela base aliada, tem como objetivo combater o rombo previdenci\u00e1rio estadual previsto para chegar aos R$ 4,08 bilh\u00f5es at\u00e9 o fim do ano.<br \/>\n<strong>ANDAMENTO DA REFORMA<\/strong><\/p>\n<p><strong><br \/>\n<\/strong>A AL-BA dever\u00e1 ter uma ter\u00e7a-feira movimentada. O governo vai colocar para vota\u00e7\u00e3o a reforma administrativa, que inclui a aliena\u00e7\u00e3o da Bahia Pesca e extin\u00e7\u00e3o de cargos\u00a0e o ajuste da al\u00edquota da previd\u00eancia.\u00a0A PEC do teto, que reajusta os ganhos m\u00e1ximos na Bahia de acordo com o sal\u00e1rio do governador Rui Costa (PT), foi reformulada ap\u00f3s diversas reivindica\u00e7\u00f5es, a mais grave delas vinda da Fazenda. Com as altera\u00e7\u00f5es, o projeto deve passar pelas comiss\u00f5es Finan\u00e7as e Constitui\u00e7\u00e3o na quarta-feira para s\u00f3 depois seguir para o plen\u00e1rio.\u00a0A nova reda\u00e7\u00e3o final da mat\u00e9ria deve incluir exce\u00e7\u00e3o do teto para funcion\u00e1rios da Secretaria da Fazenda\u00a0que tem ganhos superiores ao do governador.<\/p>\n<p><em><strong>Informa\u00e7\u00f5es: Bahia Not\u00edcias<\/strong><\/em><\/p>\n","protected":false},"excerpt":{"rendered":"<p>Mesmo com a reivindica\u00e7\u00e3o e amea\u00e7as de paraliza\u00e7\u00e3o de associa\u00e7\u00f5es ligadas ao efetivo da Pol\u00edcia Militar, a Assembleia Legislativa da Bahia dar\u00e1 continuidade, nesta ter\u00e7a-feira (11), a vota\u00e7\u00e3o do pacote de medidas econ\u00f4micas enviado pelo governador Rui Costa (PT). Na \u00faltima quinta-feira (6), representantes da Pol\u00edcia Militar se reuniram com o deputado Z\u00e9 Neto (PT), [&hellip;]<\/p>\n","protected":false},"author":7,"featured_media":20661,"comment_status":"open","ping_status":"open","sticky":false,"template":"","format":"standard","meta":{"footnotes":""},"categories":[20,1],"tags":[108],"class_list":["post-20660","post","type-post","status-publish","format-standard","has-post-thumbnail","hentry","category-bahia","category-noticias","tag-belmonte"],"_links":{"self":[{"href":"https:\/\/www.maisbn.com\/portal\/wp-json\/wp\/v2\/posts\/20660","targetHints":{"allow":["GET"]}}],"collection":[{"href":"https:\/\/www.maisbn.com\/portal\/wp-json\/wp\/v2\/posts"}],"about":[{"href":"https:\/\/www.maisbn.com\/portal\/wp-json\/wp\/v2\/types\/post"}],"author":[{"embeddable":true,"href":"https:\/\/www.maisbn.com\/portal\/wp-json\/wp\/v2\/users\/7"}],"replies":[{"embeddable":true,"href":"https:\/\/www.maisbn.com\/portal\/wp-json\/wp\/v2\/comments?post=20660"}],"version-history":[{"count":1,"href":"https:\/\/www.maisbn.com\/portal\/wp-json\/wp\/v2\/posts\/20660\/revisions"}],"predecessor-version":[{"id":20662,"href":"https:\/\/www.maisbn.com\/portal\/wp-json\/wp\/v2\/posts\/20660\/revisions\/20662"}],"wp:featuredmedia":[{"embeddable":true,"href":"https:\/\/www.maisbn.com\/portal\/wp-json\/wp\/v2\/media\/20661"}],"wp:attachment":[{"href":"https:\/\/www.maisbn.com\/portal\/wp-json\/wp\/v2\/media?parent=20660"}],"wp:term":[{"taxonomy":"category","embeddable":true,"href":"https:\/\/www.maisbn.com\/portal\/wp-json\/wp\/v2\/categories?post=20660"},{"taxonomy":"post_tag","embeddable":true,"href":"https:\/\/www.maisbn.com\/portal\/wp-json\/wp\/v2\/tags?post=20660"}],"curies":[{"name":"wp","href":"https:\/\/api.w.org\/{rel}","templated":true}]}}