{"id":20641,"date":"2018-12-10T21:27:18","date_gmt":"2018-12-11T00:27:18","guid":{"rendered":"http:\/\/www.maisbn.com\/portal\/?p=20641"},"modified":"2018-12-10T21:27:18","modified_gmt":"2018-12-11T00:27:18","slug":"policia-militar-e-colegio-mater-promovem-a-formatura-de-mais-uma-turma-infantil-do-proerd-em-porto-seguro","status":"publish","type":"post","link":"https:\/\/www.maisbn.com\/portal\/2018\/12\/policia-militar-e-colegio-mater-promovem-a-formatura-de-mais-uma-turma-infantil-do-proerd-em-porto-seguro\/","title":{"rendered":"Pol\u00edcia Militar e Col\u00e9gio Mater promovem a formatura de mais uma Turma Infantil do PROERD em Porto Seguro."},"content":{"rendered":"<p><a href=\"http:\/\/www.maisbn.com\/portal\/wp-content\/uploads\/2018\/12\/WhatsApp-Image-2018-12-10-at-10.17.07-PM.jpeg\"><img loading=\"lazy\" decoding=\"async\" class=\"aligncenter  wp-image-20646\" src=\"http:\/\/www.maisbn.com\/portal\/wp-content\/uploads\/2018\/12\/WhatsApp-Image-2018-12-10-at-10.17.07-PM-1000x750.jpeg\" alt=\"WhatsApp Image 2018-12-10 at 10.17.07 PM\" width=\"600\" height=\"450\" srcset=\"https:\/\/www.maisbn.com\/portal\/wp-content\/uploads\/2018\/12\/WhatsApp-Image-2018-12-10-at-10.17.07-PM-1000x750.jpeg 1000w, https:\/\/www.maisbn.com\/portal\/wp-content\/uploads\/2018\/12\/WhatsApp-Image-2018-12-10-at-10.17.07-PM.jpeg 1152w\" sizes=\"auto, (max-width: 600px) 100vw, 600px\" \/><\/a><\/p>\n<p>Na \u00faltima sexta-feira (07\/12) aconteceu a formatura de mais uma turma do PROERD (Programa Educacional de Resist\u00eancia \u00e0s Drogas), desenvolvido pela Pol\u00edcia Militar em parceria com institui\u00e7\u00f5es de ensino da Costa do Descobrimento. A cerim\u00f4nia aconteceu no Col\u00e9gio M\u00e1ter, localizado no Bairro Munda\u00ed, onde 52 crian\u00e7as da Educa\u00e7\u00e3o Infantil, com idade entre 02 e 05 anos, receberam com alegria os seus diplomas de conclus\u00e3o do PROERD.<\/p>\n<p>Estiveram presentes na cerim\u00f4nia integrantes da dire\u00e7\u00e3o do Col\u00e9gio Mater, juntamente com todo o corpo docente, funcion\u00e1rios de apoio e pais de alunos. Tamb\u00e9m participaram do evento os policiais respons\u00e1veis por desenvolver o conte\u00fado do projeto nas salas de aula, bem como, o sub-comandante do 8\u00ba Batalh\u00e3o de Pol\u00edcia Militar, Capit\u00e3o PM Vagner.<\/p>\n<p>O PROERD faz parte de um conjunto de estrat\u00e9gias adotadas pela Pol\u00edcia Militar para combater a viol\u00eancia e o tr\u00e1fico de drogas. O objetivo maior da institui\u00e7\u00e3o \u00e9 criar uma alian\u00e7a s\u00f3lida com as comunidades e, junto com elas, combater o poder destrutivo das drogas e da viol\u00eancia que passaram a ter como alvo principal os jovens. Busca-se com as atividades criar uma conscientiza\u00e7\u00e3o coletiva voltada para a nova gera\u00e7\u00e3o no intuito de torn\u00e1-la resistente \u00e0s investidas enganosas do mundo do tr\u00e1fico de drogas, garantindo assim, o seu futuro e a preserva\u00e7\u00e3o das fam\u00edlias dos efeitos desse flagelo que assola a humanidade e destr\u00f3i vidas.<\/p>\n<p>*ASCOM.8\u00baBPM-PORTO SEGURO*<\/p>\n<p>&nbsp;<\/p>\n<p>&nbsp;<\/p>\n","protected":false},"excerpt":{"rendered":"<p>Na \u00faltima sexta-feira (07\/12) aconteceu a formatura de mais uma turma do PROERD (Programa Educacional de Resist\u00eancia \u00e0s Drogas), desenvolvido pela Pol\u00edcia Militar em parceria com institui\u00e7\u00f5es de ensino da Costa do Descobrimento. A cerim\u00f4nia aconteceu no Col\u00e9gio M\u00e1ter, localizado no Bairro Munda\u00ed, onde 52 crian\u00e7as da Educa\u00e7\u00e3o Infantil, com idade entre 02 e 05 [&hellip;]<\/p>\n","protected":false},"author":7,"featured_media":20646,"comment_status":"open","ping_status":"open","sticky":false,"template":"","format":"standard","meta":{"footnotes":""},"categories":[1,16],"tags":[108],"class_list":["post-20641","post","type-post","status-publish","format-standard","has-post-thumbnail","hentry","category-noticias","category-policial","tag-belmonte"],"_links":{"self":[{"href":"https:\/\/www.maisbn.com\/portal\/wp-json\/wp\/v2\/posts\/20641","targetHints":{"allow":["GET"]}}],"collection":[{"href":"https:\/\/www.maisbn.com\/portal\/wp-json\/wp\/v2\/posts"}],"about":[{"href":"https:\/\/www.maisbn.com\/portal\/wp-json\/wp\/v2\/types\/post"}],"author":[{"embeddable":true,"href":"https:\/\/www.maisbn.com\/portal\/wp-json\/wp\/v2\/users\/7"}],"replies":[{"embeddable":true,"href":"https:\/\/www.maisbn.com\/portal\/wp-json\/wp\/v2\/comments?post=20641"}],"version-history":[{"count":1,"href":"https:\/\/www.maisbn.com\/portal\/wp-json\/wp\/v2\/posts\/20641\/revisions"}],"predecessor-version":[{"id":20647,"href":"https:\/\/www.maisbn.com\/portal\/wp-json\/wp\/v2\/posts\/20641\/revisions\/20647"}],"wp:featuredmedia":[{"embeddable":true,"href":"https:\/\/www.maisbn.com\/portal\/wp-json\/wp\/v2\/media\/20646"}],"wp:attachment":[{"href":"https:\/\/www.maisbn.com\/portal\/wp-json\/wp\/v2\/media?parent=20641"}],"wp:term":[{"taxonomy":"category","embeddable":true,"href":"https:\/\/www.maisbn.com\/portal\/wp-json\/wp\/v2\/categories?post=20641"},{"taxonomy":"post_tag","embeddable":true,"href":"https:\/\/www.maisbn.com\/portal\/wp-json\/wp\/v2\/tags?post=20641"}],"curies":[{"name":"wp","href":"https:\/\/api.w.org\/{rel}","templated":true}]}}