{"id":20636,"date":"2018-12-10T15:24:39","date_gmt":"2018-12-10T18:24:39","guid":{"rendered":"http:\/\/www.maisbn.com\/portal\/?p=20636"},"modified":"2018-12-10T15:24:39","modified_gmt":"2018-12-10T18:24:39","slug":"prefeitura-de-belmonte-realiza-grande-operacao-para-sanar-estragos-causados-pela-chuva","status":"publish","type":"post","link":"https:\/\/www.maisbn.com\/portal\/2018\/12\/prefeitura-de-belmonte-realiza-grande-operacao-para-sanar-estragos-causados-pela-chuva\/","title":{"rendered":"Prefeitura de Belmonte realiza grande opera\u00e7\u00e3o para sanar estragos causados pela chuva."},"content":{"rendered":"<p><a href=\"http:\/\/www.maisbn.com\/portal\/wp-content\/uploads\/2018\/12\/mosaico_limpezacidade.jpg\"><img loading=\"lazy\" decoding=\"async\" class=\"aligncenter  wp-image-20637\" src=\"http:\/\/www.maisbn.com\/portal\/wp-content\/uploads\/2018\/12\/mosaico_limpezacidade.jpg\" alt=\"mosaico_limpezacidade\" width=\"600\" height=\"386\" \/><\/a><\/p>\n<p>A Prefeitura de Belmonte, atrav\u00e9s da sua Secretaria Municipal de Infraestrutura e Ambiente, realizou uma grande opera\u00e7\u00e3o na manh\u00e3 dessa segunda-feira (10\/12) para sanar os estragos causados pelo temporal e os fortes ventos que ocorreram no in\u00edcio da tarde do \u00faltimo s\u00e1bado (08\/12). Equipes da Prefeitura se dividiram por v\u00e1rias localidades do munic\u00edpio e efetuaram podas preventivas para proteger a rede el\u00e9trica que alimenta a cidade, retiraram v\u00e1rias \u00e1rvores que foram derrubadas pelo vento e desobstru\u00edram vias vicinais interrompidas pela queda da vegeta\u00e7\u00e3o causada pelo vento.<\/p>\n<p><a href=\"http:\/\/www.maisbn.com\/portal\/wp-content\/uploads\/2018\/12\/mosaico_limpezacidade2.jpg\"><img loading=\"lazy\" decoding=\"async\" class=\"aligncenter  wp-image-20638\" src=\"http:\/\/www.maisbn.com\/portal\/wp-content\/uploads\/2018\/12\/mosaico_limpezacidade2.jpg\" alt=\"mosaico_limpezacidade2\" width=\"600\" height=\"386\" \/><\/a><\/p>\n<p>&nbsp;<\/p>\n<p>Nossa equipe conversou com o Prefeito Janival Borges sobre os estragos causados no Mercad\u00e3o Municipal, onde uma parte da fachada chegou a despencar e partes do telhado foram levadas pelo vento. O gestor comunicou que j\u00e1 pediu para as equipes da Prefeitura fazerem vistorias em todos os pr\u00e9dios p\u00fablicos municipais para que seja apontada a dimens\u00e3o dos estragos. <strong><em>&#8220;No caso do Mercad\u00e3o Municipal, n\u00f3s j\u00e1 assumimos aquele pr\u00e9dio em p\u00e9ssimas condi\u00e7\u00f5es e com sinais de abandono. N\u00f3s j\u00e1 temos um planejamento de reforma e revitaliza\u00e7\u00e3o daquela edifica\u00e7\u00e3o. O que faremos agora \u00e9 mensurar os estragos e tomar as medidas imediatas para manter os \u00f3rg\u00e3os ali abrigados funcionando at\u00e9 a reforma definitiva.&#8221;<\/em><\/strong> &#8211; Comentou o Prefeito Janival Borges.<\/p>\n<p><a href=\"http:\/\/www.maisbn.com\/portal\/wp-content\/uploads\/2018\/12\/WhatsApp-Image-2018-12-10-at-3.23.34-PM.jpeg\"><img loading=\"lazy\" decoding=\"async\" class=\"aligncenter  wp-image-20639\" src=\"http:\/\/www.maisbn.com\/portal\/wp-content\/uploads\/2018\/12\/WhatsApp-Image-2018-12-10-at-3.23.34-PM-1000x563.jpeg\" alt=\"WhatsApp Image 2018-12-10 at 3.23.34 PM\" width=\"601\" height=\"338\" srcset=\"https:\/\/www.maisbn.com\/portal\/wp-content\/uploads\/2018\/12\/WhatsApp-Image-2018-12-10-at-3.23.34-PM-1000x563.jpeg 1000w, https:\/\/www.maisbn.com\/portal\/wp-content\/uploads\/2018\/12\/WhatsApp-Image-2018-12-10-at-3.23.34-PM.jpeg 1040w\" sizes=\"auto, (max-width: 601px) 100vw, 601px\" \/><\/a><\/p>\n<p>Os problemas causados pela chuva e o vento tamb\u00e9m prejudicaram a estrutura de comunica\u00e7\u00e3o de Belmonte. A operadora Vivo permanece enfrentando instabilidade no seus sinais de voz e dados. Alguns provedores de internet tamb\u00e9m tem enfrentado problemas em suas conex\u00f5es e o distrito de Santa Maria Eterna chegou a ficar v\u00e1rias horas sem energia el\u00e9trica por causa de danos causados pelo temporal.<\/p>\n","protected":false},"excerpt":{"rendered":"<p>A Prefeitura de Belmonte, atrav\u00e9s da sua Secretaria Municipal de Infraestrutura e Ambiente, realizou uma grande opera\u00e7\u00e3o na manh\u00e3 dessa segunda-feira (10\/12) para sanar os estragos causados pelo temporal e os fortes ventos que ocorreram no in\u00edcio da tarde do \u00faltimo s\u00e1bado (08\/12). Equipes da Prefeitura se dividiram por v\u00e1rias localidades do munic\u00edpio e efetuaram [&hellip;]<\/p>\n","protected":false},"author":7,"featured_media":20637,"comment_status":"open","ping_status":"open","sticky":false,"template":"","format":"standard","meta":{"footnotes":""},"categories":[45,1],"tags":[108],"class_list":["post-20636","post","type-post","status-publish","format-standard","has-post-thumbnail","hentry","category-cidades","category-noticias","tag-belmonte"],"_links":{"self":[{"href":"https:\/\/www.maisbn.com\/portal\/wp-json\/wp\/v2\/posts\/20636","targetHints":{"allow":["GET"]}}],"collection":[{"href":"https:\/\/www.maisbn.com\/portal\/wp-json\/wp\/v2\/posts"}],"about":[{"href":"https:\/\/www.maisbn.com\/portal\/wp-json\/wp\/v2\/types\/post"}],"author":[{"embeddable":true,"href":"https:\/\/www.maisbn.com\/portal\/wp-json\/wp\/v2\/users\/7"}],"replies":[{"embeddable":true,"href":"https:\/\/www.maisbn.com\/portal\/wp-json\/wp\/v2\/comments?post=20636"}],"version-history":[{"count":1,"href":"https:\/\/www.maisbn.com\/portal\/wp-json\/wp\/v2\/posts\/20636\/revisions"}],"predecessor-version":[{"id":20640,"href":"https:\/\/www.maisbn.com\/portal\/wp-json\/wp\/v2\/posts\/20636\/revisions\/20640"}],"wp:featuredmedia":[{"embeddable":true,"href":"https:\/\/www.maisbn.com\/portal\/wp-json\/wp\/v2\/media\/20637"}],"wp:attachment":[{"href":"https:\/\/www.maisbn.com\/portal\/wp-json\/wp\/v2\/media?parent=20636"}],"wp:term":[{"taxonomy":"category","embeddable":true,"href":"https:\/\/www.maisbn.com\/portal\/wp-json\/wp\/v2\/categories?post=20636"},{"taxonomy":"post_tag","embeddable":true,"href":"https:\/\/www.maisbn.com\/portal\/wp-json\/wp\/v2\/tags?post=20636"}],"curies":[{"name":"wp","href":"https:\/\/api.w.org\/{rel}","templated":true}]}}