{"id":20613,"date":"2018-12-07T11:08:33","date_gmt":"2018-12-07T14:08:33","guid":{"rendered":"http:\/\/www.maisbn.com\/portal\/?p=20613"},"modified":"2018-12-07T11:08:33","modified_gmt":"2018-12-07T14:08:33","slug":"estado-reduz-contribuicao-ao-planserv-fato-pode-dificultar-a-situacao-financeira-do-plano","status":"publish","type":"post","link":"https:\/\/www.maisbn.com\/portal\/2018\/12\/estado-reduz-contribuicao-ao-planserv-fato-pode-dificultar-a-situacao-financeira-do-plano\/","title":{"rendered":"Estado reduz contribui\u00e7\u00e3o ao PLANSERV, fato pode dificultar a situa\u00e7\u00e3o financeira do plano."},"content":{"rendered":"<p><a href=\"http:\/\/www.maisbn.com\/portal\/wp-content\/uploads\/2018\/12\/001.jpg\"><img loading=\"lazy\" decoding=\"async\" class=\"aligncenter  wp-image-20603\" src=\"http:\/\/www.maisbn.com\/portal\/wp-content\/uploads\/2018\/12\/001.jpg\" alt=\"001\" width=\"600\" height=\"450\" \/><\/a><\/p>\n<p>Alegando o saneamento das contas do Estado da Bahia, o Governador Rui Costa, anunciou nessa quinta-feira (06\/12) que vai reduzir pela metade o \u00edndice de contribui\u00e7\u00e3o do estado no custeio do Plano de Assist\u00eancia \u00e0 Sa\u00fade dos Servidores P\u00fablicos da Bahia (PLANSERV). A participa\u00e7\u00e3o, segundo o an\u00fancio, vai cair dos atuais 4% estabelecido em 2015, para o percentual de 2%.<\/p>\n<p>A dire\u00e7\u00e3o do PLANSERV garante que a altera\u00e7\u00e3o na lei da contribui\u00e7\u00e3o do estado n\u00e3o ir\u00e1 interferir na qualidade dos servi\u00e7os prestados aos benefici\u00e1rios. A dire\u00e7\u00e3o ainda informou que a medida tamb\u00e9m n\u00e3o causar\u00e1 impacto na rela\u00e7\u00e3o dos prestadores de servi\u00e7o que atendem o plano. Finalizando, o PLANSERV ressaltou a necessidade de readequa\u00e7\u00e3o das finan\u00e7as p\u00fablicas devido \u00e0 crise econ\u00f4mica nacional. Em nota enviada \u00e0 imprensa, o PLANSERV informou que vai tomar medidas para manter o acesso qualificado aos servi\u00e7os de sa\u00fade e prometeu que durante o ano de 2019 resolver\u00e1 diversas quest\u00f5es visando melhorar a rela\u00e7\u00e3o custo\/benef\u00edcio e a preserva\u00e7\u00e3o da sa\u00fade financeira do plano.<\/p>\n<p>Por outro lado, as entidades de rede privada de sa\u00fade que prestam servi\u00e7os ao PLANSERV v\u00ea a situa\u00e7\u00e3o de uma perspectiva diferente e est\u00e3o preocupadas com a situa\u00e7\u00e3o. Para o presidente da Associa\u00e7\u00e3o de Hospitais e Servi\u00e7os de Sa\u00fade do Estado da Bahia (Ahseb), Mauro Duran Adan, se aprovadas, as medidas v\u00e3o comprometer o atendimento por parte da rede conveniada, formada por 1.450 estabelecimentos de sa\u00fade. A entidade acusa o PLANSERV de estar inadimplente com os estabelecimentos conveniados e ressalta que as unidades de urg\u00eancia e emerg\u00eancia s\u00e3o as mais prejudicadas por causa do sistema de cotas. As d\u00edvidas com hospitais, cl\u00ednicas e laborat\u00f3rios credenciados chegam ao montante de R$ 100 Milh\u00f5es de Reais. As unidades t\u00eam amea\u00e7ado suspender o atendimento ap\u00f3s encerramento das cotas estabelecidas pelo Planserv<\/p>\n<p>Os usu\u00e1rios dos PLANSERV tamb\u00e9m est\u00e3o reclamando da falta de qualidade no atendimento. A reclama\u00e7\u00e3o geral \u00e9 que o sistema de cotas est\u00e1 limitando os atendimentos m\u00e9dicos e usu\u00e1rios est\u00e3o chegando a esperar meses para obter resultados de exames. Os usu\u00e1rios do interior baiano tamb\u00e9m est\u00e3o sendo prejudicados pela a atual gest\u00e3o do PLANSERV. A reclama\u00e7\u00e3o geral \u00e9 que a cobertura do plano s\u00f3 \u00e9 mais efetiva na capital do estado. No interior a cobertura \u00e9 bastante limitada e os poucos locais de atendimento vivem com as suas cotas preenchidas impedindo os atendimentos do usu\u00e1rio que est\u00e1 encontrando dificuldades para conseguir atendimento m\u00e9dico. Com a situa\u00e7\u00e3o, servidores do interior est\u00e3o migrando para planos privados ou ficando a merc\u00ea do SUS, fato que pode agravar ainda mais a situa\u00e7\u00e3o financeira do PLANSERV.<\/p>\n<p>&nbsp;<\/p>\n","protected":false},"excerpt":{"rendered":"<p>Alegando o saneamento das contas do Estado da Bahia, o Governador Rui Costa, anunciou nessa quinta-feira (06\/12) que vai reduzir pela metade o \u00edndice de contribui\u00e7\u00e3o do estado no custeio do Plano de Assist\u00eancia \u00e0 Sa\u00fade dos Servidores P\u00fablicos da Bahia (PLANSERV). A participa\u00e7\u00e3o, segundo o an\u00fancio, vai cair dos atuais 4% estabelecido em 2015, [&hellip;]<\/p>\n","protected":false},"author":7,"featured_media":20603,"comment_status":"open","ping_status":"open","sticky":false,"template":"","format":"standard","meta":{"footnotes":""},"categories":[20,1],"tags":[108],"class_list":["post-20613","post","type-post","status-publish","format-standard","has-post-thumbnail","hentry","category-bahia","category-noticias","tag-belmonte"],"_links":{"self":[{"href":"https:\/\/www.maisbn.com\/portal\/wp-json\/wp\/v2\/posts\/20613","targetHints":{"allow":["GET"]}}],"collection":[{"href":"https:\/\/www.maisbn.com\/portal\/wp-json\/wp\/v2\/posts"}],"about":[{"href":"https:\/\/www.maisbn.com\/portal\/wp-json\/wp\/v2\/types\/post"}],"author":[{"embeddable":true,"href":"https:\/\/www.maisbn.com\/portal\/wp-json\/wp\/v2\/users\/7"}],"replies":[{"embeddable":true,"href":"https:\/\/www.maisbn.com\/portal\/wp-json\/wp\/v2\/comments?post=20613"}],"version-history":[{"count":1,"href":"https:\/\/www.maisbn.com\/portal\/wp-json\/wp\/v2\/posts\/20613\/revisions"}],"predecessor-version":[{"id":20614,"href":"https:\/\/www.maisbn.com\/portal\/wp-json\/wp\/v2\/posts\/20613\/revisions\/20614"}],"wp:featuredmedia":[{"embeddable":true,"href":"https:\/\/www.maisbn.com\/portal\/wp-json\/wp\/v2\/media\/20603"}],"wp:attachment":[{"href":"https:\/\/www.maisbn.com\/portal\/wp-json\/wp\/v2\/media?parent=20613"}],"wp:term":[{"taxonomy":"category","embeddable":true,"href":"https:\/\/www.maisbn.com\/portal\/wp-json\/wp\/v2\/categories?post=20613"},{"taxonomy":"post_tag","embeddable":true,"href":"https:\/\/www.maisbn.com\/portal\/wp-json\/wp\/v2\/tags?post=20613"}],"curies":[{"name":"wp","href":"https:\/\/api.w.org\/{rel}","templated":true}]}}