{"id":20594,"date":"2018-12-05T15:44:30","date_gmt":"2018-12-05T18:44:30","guid":{"rendered":"http:\/\/www.maisbn.com\/portal\/?p=20594"},"modified":"2018-12-05T15:44:30","modified_gmt":"2018-12-05T18:44:30","slug":"prefeito-janival-borges-comemora-aprovacao-de-projeto-que-impede-reducao-do-fpm-em-2019","status":"publish","type":"post","link":"https:\/\/www.maisbn.com\/portal\/2018\/12\/prefeito-janival-borges-comemora-aprovacao-de-projeto-que-impede-reducao-do-fpm-em-2019\/","title":{"rendered":"Prefeito Janival Borges comemora aprova\u00e7\u00e3o de projeto que impede redu\u00e7\u00e3o do FPM em 2019."},"content":{"rendered":"<p><a href=\"http:\/\/www.maisbn.com\/portal\/wp-content\/uploads\/2017\/10\/janival_passeata.jpg\"><img loading=\"lazy\" decoding=\"async\" class=\"aligncenter size-full wp-image-16474\" src=\"http:\/\/www.maisbn.com\/portal\/wp-content\/uploads\/2017\/10\/janival_passeata.jpg\" alt=\"janival_passeata\" width=\"600\" height=\"438\" \/><\/a><\/p>\n<p>O Prefeito Janival Borges, juntamente com outros prefeitos baianos afiliados \u00e0 UPB (Uni\u00e3o dos Munic\u00edpios da Bahia), acompanhou nessa ter\u00e7a-feira (04\/12) nas galerias do senado\u00a0 em Bras\u00edlia a vota\u00e7\u00e3o do Projeto de Lei (PLC 124\/2018) que congela o coeficiente de distribui\u00e7\u00e3o do Fundo de Participa\u00e7\u00e3o dos Munic\u00edpios (FPM), beneficiando 56 cidades baianas que registraram perda populacional na \u00faltima estimativa divulgada pelo IBGE, em agosto desse ano.\u00a0Com a aprova\u00e7\u00e3o, o coeficiente para reparti\u00e7\u00e3o do fundo s\u00f3 poder\u00e1 ser atualizado ap\u00f3s um novo censo demogr\u00e1fico, previsto para ocorrer em 2020. A mat\u00e9ria recebeu o requerimento de urg\u00eancia do senador Otto Alencar (PSD) para entrar em vota\u00e7\u00e3o. No plen\u00e1rio tamb\u00e9m foi defendida por L\u00eddice da Mata (PSB) e Walter Pinheiro (PT).<\/p>\n<p>A cada ano, o IBGE divulga uma estimativa populacional e, com base nesses dados, o Tribunal de Contas da Uni\u00e3o (TCU) determina ao Tesouro Nacional qual \u00edndice deve ser usado para reparti\u00e7\u00e3o dos recursos do FPM. Belmonte \u00e9 uma das cidades atingidas pela redu\u00e7\u00e3o do coeficiente que passou de 1,40 em 2018,\u00a0 para 1,20 em 2019. &#8220;<strong><em>Essa redu\u00e7\u00e3o representaria uma perda entre R$ 300 a R$ 400 Mil Reais mensais para o munic\u00edpio de Belmonte. Essa queda de receita, aliada \u00e0s amarra da Lei de Responsabilidade Fiscal, tornaria quase imposs\u00edvel tocar a m\u00e1quina municipal, mesmo com todos os cortes de gastos que estamos fazendo.&#8221;<\/em><\/strong> &#8211; Finalizou Janival.<\/p>\n","protected":false},"excerpt":{"rendered":"<p>O Prefeito Janival Borges, juntamente com outros prefeitos baianos afiliados \u00e0 UPB (Uni\u00e3o dos Munic\u00edpios da Bahia), acompanhou nessa ter\u00e7a-feira (04\/12) nas galerias do senado\u00a0 em Bras\u00edlia a vota\u00e7\u00e3o do Projeto de Lei (PLC 124\/2018) que congela o coeficiente de distribui\u00e7\u00e3o do Fundo de Participa\u00e7\u00e3o dos Munic\u00edpios (FPM), beneficiando 56 cidades baianas que registraram perda [&hellip;]<\/p>\n","protected":false},"author":7,"featured_media":16474,"comment_status":"open","ping_status":"open","sticky":false,"template":"","format":"standard","meta":{"footnotes":""},"categories":[20,1],"tags":[108],"class_list":["post-20594","post","type-post","status-publish","format-standard","has-post-thumbnail","hentry","category-bahia","category-noticias","tag-belmonte"],"_links":{"self":[{"href":"https:\/\/www.maisbn.com\/portal\/wp-json\/wp\/v2\/posts\/20594","targetHints":{"allow":["GET"]}}],"collection":[{"href":"https:\/\/www.maisbn.com\/portal\/wp-json\/wp\/v2\/posts"}],"about":[{"href":"https:\/\/www.maisbn.com\/portal\/wp-json\/wp\/v2\/types\/post"}],"author":[{"embeddable":true,"href":"https:\/\/www.maisbn.com\/portal\/wp-json\/wp\/v2\/users\/7"}],"replies":[{"embeddable":true,"href":"https:\/\/www.maisbn.com\/portal\/wp-json\/wp\/v2\/comments?post=20594"}],"version-history":[{"count":1,"href":"https:\/\/www.maisbn.com\/portal\/wp-json\/wp\/v2\/posts\/20594\/revisions"}],"predecessor-version":[{"id":20595,"href":"https:\/\/www.maisbn.com\/portal\/wp-json\/wp\/v2\/posts\/20594\/revisions\/20595"}],"wp:featuredmedia":[{"embeddable":true,"href":"https:\/\/www.maisbn.com\/portal\/wp-json\/wp\/v2\/media\/16474"}],"wp:attachment":[{"href":"https:\/\/www.maisbn.com\/portal\/wp-json\/wp\/v2\/media?parent=20594"}],"wp:term":[{"taxonomy":"category","embeddable":true,"href":"https:\/\/www.maisbn.com\/portal\/wp-json\/wp\/v2\/categories?post=20594"},{"taxonomy":"post_tag","embeddable":true,"href":"https:\/\/www.maisbn.com\/portal\/wp-json\/wp\/v2\/tags?post=20594"}],"curies":[{"name":"wp","href":"https:\/\/api.w.org\/{rel}","templated":true}]}}