{"id":20575,"date":"2018-12-03T12:10:39","date_gmt":"2018-12-03T15:10:39","guid":{"rendered":"http:\/\/www.maisbn.com\/portal\/?p=20575"},"modified":"2018-12-03T12:10:39","modified_gmt":"2018-12-03T15:10:39","slug":"governador-da-bahia-abre-o-verbo-em-entrevista-e-revela-situacao-fiscal-dificil-do-estado","status":"publish","type":"post","link":"https:\/\/www.maisbn.com\/portal\/2018\/12\/governador-da-bahia-abre-o-verbo-em-entrevista-e-revela-situacao-fiscal-dificil-do-estado\/","title":{"rendered":"Governador da Bahia abre o verbo em entrevista e revela situa\u00e7\u00e3o fiscal dif\u00edcil do estado."},"content":{"rendered":"<p><iframe loading=\"lazy\" src=\"https:\/\/www.youtube.com\/embed\/ly76aTwOaBI?start=140\" width=\"560\" height=\"315\" frameborder=\"0\" allowfullscreen=\"allowfullscreen\"><\/iframe><\/p>\n<p>O governador reeleito Rui Costa (PT) culpou gest\u00f5es anteriores a de Jaques Wagner (PT) pelo d\u00e9ficit de R$ 4,08 bilh\u00f5es na Previd\u00eancia, e que pode chegar a R$ 8 bilh\u00f5es em 2022, segundo a Secretaria da Fazenda. De acordo com ele, os chefes do Executivo, que administraram a Bahia antes do PT, n\u00e3o deixaram recursos no caixa.\u00a0<strong><em>\u201c[Antes de Wagner], governadores usavam o dinheiro para fazer servi\u00e7os p\u00fablicos e n\u00e3o guardou. Quando Wagner entrou tinha zero no caixa da Previd\u00eancia. Portanto, todo dinheiro vem do desconto mensal de [quem est\u00e1] na ativa. O estado tira da receita corrente para pagar o d\u00e9ficit\u201d<\/em>, <\/strong>declarou o petista, em entrevista ao radialista M\u00e1rio Kert\u00e9sz, na r\u00e1dio Metr\u00f3pole.<\/p>\n<p><strong><a href=\"http:\/\/www.maisbn.com\/portal\/wp-content\/uploads\/2018\/12\/Governador_metropole.jpg\"><img loading=\"lazy\" decoding=\"async\" class=\"aligncenter size-full wp-image-20576\" src=\"http:\/\/www.maisbn.com\/portal\/wp-content\/uploads\/2018\/12\/Governador_metropole.jpg\" alt=\"Governador_metropole\" width=\"617\" height=\"365\" \/><\/a><\/strong><\/p>\n<p>O governador, ainda, indagou para onde foi o recurso da privatiza\u00e7\u00e3o da Coelba.<strong><em> \u201cN\u00e3o foi parar na Previd\u00eancia\u201d<\/em>, <\/strong>frisou. Rui Costa ressaltou que o ex-governador da Bahia, Ant\u00f4nio Carlos Magalh\u00e3es (que era do PFL), fez um concurso na d\u00e9cada de 1990 e n\u00e3o nomeou todos os aprovados.\u00a0O resultado, segundo ele, \u00e9 que os concursados ingressaram na Justi\u00e7a e<strong><em> \u201cv\u00e3o se aposentar sem nunca ter trabalhado. Sabe quanto \u00e9 essa conta? R$ 260 milh\u00f5es<\/em>\u201d, <\/strong>criticou.<strong>\u00a0\u00a0<\/strong>O governador afirmou que o aumento na contribui\u00e7\u00e3o dos servidores \u00e0 Previd\u00eancia deve come\u00e7ar a valer a partir de mar\u00e7o de 2019, caso a Assembleia Legislativa da Bahia (AL-BA) aprove a mat\u00e9ria ainda este ano. A al\u00edquota ter\u00e1 um reajuste de 12% para 14%. <strong><em>\u201c<\/em><em>A expectativa \u00e9 a aprova\u00e7\u00e3o das emendas esse ano. A eleva\u00e7\u00e3o da contribui\u00e7\u00e3o \u00e9 90 dias depois da aprova\u00e7\u00e3o. S\u00f3 entraria em vigor no final de mar\u00e7o de 2019. Isso \u00e9 importante. \u00c9 como rem\u00e9dio amargo para o filho\u201d<\/em><\/strong>, salientou.<\/p>\n<p>Fonte: <strong><em>Bahia Noticias<\/em><\/strong><\/p>\n","protected":false},"excerpt":{"rendered":"<p>O governador reeleito Rui Costa (PT) culpou gest\u00f5es anteriores a de Jaques Wagner (PT) pelo d\u00e9ficit de R$ 4,08 bilh\u00f5es na Previd\u00eancia, e que pode chegar a R$ 8 bilh\u00f5es em 2022, segundo a Secretaria da Fazenda. De acordo com ele, os chefes do Executivo, que administraram a Bahia antes do PT, n\u00e3o deixaram recursos [&hellip;]<\/p>\n","protected":false},"author":7,"featured_media":20576,"comment_status":"open","ping_status":"open","sticky":false,"template":"","format":"standard","meta":{"footnotes":""},"categories":[20,1],"tags":[628],"class_list":["post-20575","post","type-post","status-publish","format-standard","has-post-thumbnail","hentry","category-bahia","category-noticias","tag-bahia"],"_links":{"self":[{"href":"https:\/\/www.maisbn.com\/portal\/wp-json\/wp\/v2\/posts\/20575","targetHints":{"allow":["GET"]}}],"collection":[{"href":"https:\/\/www.maisbn.com\/portal\/wp-json\/wp\/v2\/posts"}],"about":[{"href":"https:\/\/www.maisbn.com\/portal\/wp-json\/wp\/v2\/types\/post"}],"author":[{"embeddable":true,"href":"https:\/\/www.maisbn.com\/portal\/wp-json\/wp\/v2\/users\/7"}],"replies":[{"embeddable":true,"href":"https:\/\/www.maisbn.com\/portal\/wp-json\/wp\/v2\/comments?post=20575"}],"version-history":[{"count":1,"href":"https:\/\/www.maisbn.com\/portal\/wp-json\/wp\/v2\/posts\/20575\/revisions"}],"predecessor-version":[{"id":20577,"href":"https:\/\/www.maisbn.com\/portal\/wp-json\/wp\/v2\/posts\/20575\/revisions\/20577"}],"wp:featuredmedia":[{"embeddable":true,"href":"https:\/\/www.maisbn.com\/portal\/wp-json\/wp\/v2\/media\/20576"}],"wp:attachment":[{"href":"https:\/\/www.maisbn.com\/portal\/wp-json\/wp\/v2\/media?parent=20575"}],"wp:term":[{"taxonomy":"category","embeddable":true,"href":"https:\/\/www.maisbn.com\/portal\/wp-json\/wp\/v2\/categories?post=20575"},{"taxonomy":"post_tag","embeddable":true,"href":"https:\/\/www.maisbn.com\/portal\/wp-json\/wp\/v2\/tags?post=20575"}],"curies":[{"name":"wp","href":"https:\/\/api.w.org\/{rel}","templated":true}]}}