{"id":20535,"date":"2018-11-29T14:11:27","date_gmt":"2018-11-29T17:11:27","guid":{"rendered":"http:\/\/www.maisbn.com\/portal\/?p=20535"},"modified":"2018-11-29T14:11:27","modified_gmt":"2018-11-29T17:11:27","slug":"autoridades-se-reunem-para-o-lancamento-da-rede-de-prevencao-a-violencia-contra-a-mulher-em-porto-seguro","status":"publish","type":"post","link":"https:\/\/www.maisbn.com\/portal\/2018\/11\/autoridades-se-reunem-para-o-lancamento-da-rede-de-prevencao-a-violencia-contra-a-mulher-em-porto-seguro\/","title":{"rendered":"Autoridades se re\u00fanem para o lan\u00e7amento da Rede de Preven\u00e7\u00e3o \u00e0 Viol\u00eancia Contra \u00e0 Mulher em Porto Seguro."},"content":{"rendered":"<p>Uma cerim\u00f4nia realizada nessa quarta-feira (28\/11) lan\u00e7ou em Porto Seguro o Programa Rede de Preven\u00e7\u00e3o \u00e0 Viol\u00eancia Contra a Mulher. O evento aconteceu no Porto Seguro Eco Bahia Resort e contou com a presen\u00e7a da Prefeita de Porto Seguro Claudia Oliveira, da ju\u00edza da 2\u00aa Vara Crime, Michele Quadros; da Secret\u00e1ria de Assist\u00eancia Social, L\u00edvia Bittencourt; da delegada da DEAM, Teronite Silva; da promotora, Lair Farias Azevedo; da coordenadora regional de Pol\u00edcia T\u00e9cnica, Virg\u00ednia Guimar\u00e3es, al\u00e9m do defensor p\u00fablico, Matheus Mazzili Fassy, vereadores e pessoas engajadas nesta miss\u00e3o.<\/p>\n<p><a href=\"http:\/\/www.maisbn.com\/portal\/wp-content\/uploads\/2018\/11\/Rededeprevencaoaviolenciaamulher00020.jpg\"><img loading=\"lazy\" decoding=\"async\" class=\"aligncenter wp-image-20536\" src=\"http:\/\/www.maisbn.com\/portal\/wp-content\/uploads\/2018\/11\/Rededeprevencaoaviolenciaamulher00020.jpg\" alt=\"Rededeprevencaoaviolenciaamulher00020\" width=\"600\" height=\"385\" \/><\/a><\/p>\n<p>O comandante do 8\u00ba Batalh\u00e3o de Pol\u00edcia Militar (8\u00baBPM) e idealizador do projeto, Major Anacleto Fran\u00e7a, defendeu durante o evento a uni\u00e3o das pol\u00edcias civil e militar, judici\u00e1rio, \u00f3rg\u00e3os de Assist\u00eancia Social e Poder P\u00fablico Municipal com o objetivo de se estabelecer um ciclo que se inicia no atendimento da ocorr\u00eancia de viol\u00eancia dom\u00e9stica at\u00e9 a puni\u00e7\u00e3o r\u00e1pida do agressor. Para isso, o comandante informou que est\u00e1 efetuando o treinamento dos policiais militares e que o CICOM (Cento Integrado de Comunica\u00e7\u00e3o) j\u00e1 disponibilizou o n\u00famero\u00a0<i>(73) 3162 7750 <\/i>com\u00a0atendentes devidamente preparados para dar andamento \u00e0s ocorr\u00eancias de forma r\u00e1pida e objetiva. Por meio desse n\u00famero, a v\u00edtima tamb\u00e9m poder\u00e1 cadastrar o seu telefone e mesmo que ela efetue uma liga\u00e7\u00e3o e essa n\u00e3o seja completada, os policiais ir\u00e3o ao local para averiguar o que est\u00e1 acontecendo.<\/p>\n<p><a href=\"http:\/\/www.maisbn.com\/portal\/wp-content\/uploads\/2018\/11\/Rededeprevencaoaviolenciaamulher000541.jpg\"><img loading=\"lazy\" decoding=\"async\" class=\"aligncenter wp-image-20538\" src=\"http:\/\/www.maisbn.com\/portal\/wp-content\/uploads\/2018\/11\/Rededeprevencaoaviolenciaamulher000541.jpg\" alt=\"Rededeprevencaoaviolenciaamulher00054\" width=\"600\" height=\"385\" \/><\/a><\/p>\n<p>A Prefeita Claudia Oliveira tamb\u00e9m usou da palavra e parabenizou o comandante do 8\u00baBPM pela iniciativa. A gestora colocou que o munic\u00edpio est\u00e1 \u00e0 disposi\u00e7\u00e3o para ajudar e anunciou que j\u00e1 existe uma casa de acolhimento localizada em Itabuna\u00a0 e mantida pelo Governo Estadual onde a cidade de Porto Seguro tem \u00e0 sua disposi\u00e7\u00e3o 40 vagas para o atendimento de mulheres que sofrem viol\u00eancia dom\u00e9stica. A Prefeita ainda colocou que em 2019 estar\u00e1 realizando estudos para a implanta\u00e7\u00e3o de uma Casa de Acolhimento Municipal em Porto Seguro onde as v\u00edtimas ter\u00e3o atendimentos m\u00e9dico e psicol\u00f3gico e um total apoio das autoridades para a puni\u00e7\u00e3o dos agressores.<\/p>\n<p><a href=\"http:\/\/www.maisbn.com\/portal\/wp-content\/uploads\/2018\/11\/Rededeprevencaoaviolenciaamulher00029.jpg\"><img loading=\"lazy\" decoding=\"async\" class=\"aligncenter  wp-image-20541\" src=\"http:\/\/www.maisbn.com\/portal\/wp-content\/uploads\/2018\/11\/Rededeprevencaoaviolenciaamulher00029.jpg\" alt=\"Rededeprevencaoaviolenciaamulher00029\" width=\"600\" height=\"385\" \/><\/a><\/p>\n<p>&nbsp;<\/p>\n<p>Todas as autoridades presentes elogiaram a iniciativa do Major Anacleto Fran\u00e7a e se colocaram \u00e0 disposi\u00e7\u00e3o para ajudar a agilizar os atendimentos no intuito de acolher as v\u00edtimas e impedir que as mesmas continuem sofrendo dentro de suas casas ou at\u00e9 sendo mortas com a eleva\u00e7\u00e3o da gravidade das agress\u00f5es sofridas. Tamb\u00e9m ficou decidido que ser\u00e3o realizadas reuni\u00f5es constantes para se discutir avan\u00e7os nos atendimentos e uma maior implementa\u00e7\u00e3o de todas as entidades envolvidas.<\/p>\n<p>*ASCOM.8\u00baBPM-PORTO SEGURO*<\/p>\n<p>&nbsp;<\/p>\n<p>&nbsp;<\/p>\n<p>&nbsp;<\/p>\n","protected":false},"excerpt":{"rendered":"<p>Uma cerim\u00f4nia realizada nessa quarta-feira (28\/11) lan\u00e7ou em Porto Seguro o Programa Rede de Preven\u00e7\u00e3o \u00e0 Viol\u00eancia Contra a Mulher. O evento aconteceu no Porto Seguro Eco Bahia Resort e contou com a presen\u00e7a da Prefeita de Porto Seguro Claudia Oliveira, da ju\u00edza da 2\u00aa Vara Crime, Michele Quadros; da Secret\u00e1ria de Assist\u00eancia Social, L\u00edvia [&hellip;]<\/p>\n","protected":false},"author":7,"featured_media":20538,"comment_status":"open","ping_status":"open","sticky":false,"template":"","format":"standard","meta":{"footnotes":""},"categories":[45,1],"tags":[108],"class_list":["post-20535","post","type-post","status-publish","format-standard","has-post-thumbnail","hentry","category-cidades","category-noticias","tag-belmonte"],"_links":{"self":[{"href":"https:\/\/www.maisbn.com\/portal\/wp-json\/wp\/v2\/posts\/20535","targetHints":{"allow":["GET"]}}],"collection":[{"href":"https:\/\/www.maisbn.com\/portal\/wp-json\/wp\/v2\/posts"}],"about":[{"href":"https:\/\/www.maisbn.com\/portal\/wp-json\/wp\/v2\/types\/post"}],"author":[{"embeddable":true,"href":"https:\/\/www.maisbn.com\/portal\/wp-json\/wp\/v2\/users\/7"}],"replies":[{"embeddable":true,"href":"https:\/\/www.maisbn.com\/portal\/wp-json\/wp\/v2\/comments?post=20535"}],"version-history":[{"count":2,"href":"https:\/\/www.maisbn.com\/portal\/wp-json\/wp\/v2\/posts\/20535\/revisions"}],"predecessor-version":[{"id":20542,"href":"https:\/\/www.maisbn.com\/portal\/wp-json\/wp\/v2\/posts\/20535\/revisions\/20542"}],"wp:featuredmedia":[{"embeddable":true,"href":"https:\/\/www.maisbn.com\/portal\/wp-json\/wp\/v2\/media\/20538"}],"wp:attachment":[{"href":"https:\/\/www.maisbn.com\/portal\/wp-json\/wp\/v2\/media?parent=20535"}],"wp:term":[{"taxonomy":"category","embeddable":true,"href":"https:\/\/www.maisbn.com\/portal\/wp-json\/wp\/v2\/categories?post=20535"},{"taxonomy":"post_tag","embeddable":true,"href":"https:\/\/www.maisbn.com\/portal\/wp-json\/wp\/v2\/tags?post=20535"}],"curies":[{"name":"wp","href":"https:\/\/api.w.org\/{rel}","templated":true}]}}