{"id":20495,"date":"2018-11-22T12:40:29","date_gmt":"2018-11-22T15:40:29","guid":{"rendered":"http:\/\/www.maisbn.com\/portal\/?p=20495"},"modified":"2018-11-22T12:40:29","modified_gmt":"2018-11-22T15:40:29","slug":"justica-de-cabralia-determina-a-reintegracao-do-pessoal-demitido-pelo-prefeito-agnelo","status":"publish","type":"post","link":"https:\/\/www.maisbn.com\/portal\/2018\/11\/justica-de-cabralia-determina-a-reintegracao-do-pessoal-demitido-pelo-prefeito-agnelo\/","title":{"rendered":"Justi\u00e7a de Cabr\u00e1lia determina a reintegra\u00e7\u00e3o do pessoal demitido pelo prefeito Agnelo."},"content":{"rendered":"<p><a href=\"http:\/\/www.maisbn.com\/portal\/wp-content\/uploads\/2018\/04\/agnelo-reempossado.jpg\"><img loading=\"lazy\" decoding=\"async\" class=\"aligncenter  wp-image-18178\" src=\"http:\/\/www.maisbn.com\/portal\/wp-content\/uploads\/2018\/04\/agnelo-reempossado.jpg\" alt=\"agnelo-reempossado\" width=\"600\" height=\"318\" \/><\/a><\/p>\n<p>A ju\u00edza de direito da comarca de Santa Cruz Cabr\u00e1lia, Tarc\u00edsia de Oliveira Fonseca Elias, determinou nesta ter\u00e7a-feira, 20\/11, a reintegra\u00e7\u00e3o dos servidores demitidos pelo Prefeito de Santa Cruz Cabr\u00e1lia, Agnelo Santos. A demiss\u00e3o foi divulgada na edi\u00e7\u00e3o do Di\u00e1rio Oficial daquele munic\u00edpio do \u00faltimo dia 05\/11.<\/p>\n<p>&nbsp;<\/p>\n<p>As demiss\u00f5es alcan\u00e7aram 82 servidores, sendo a grande maioria formada por cuidadores, auxiliares de classe e monitores de transporte escolar. Todos vinculados \u00e0 Secretaria de Educa\u00e7\u00e3o do munic\u00edpio. A canetada, na \u00e9poca, gerou grande insatisfa\u00e7\u00e3o na cidade e provocou a revolta de setores organizados da sociedade que, liderados pela representante do GO ( Grupo Operativo da Ouvidoria Cidad\u00e3 da Defensoria P\u00fablica do Estado da Bahia), Andreia Silva de Lima, tamb\u00e9m representante do GMPI (Grupo de M\u00e3es e Pais de Inclus\u00e3o de Sta. Cruz Cabr\u00e1lia) entraram com uma a\u00e7\u00e3o na justi\u00e7a contra o prefeito, questionando a legalidade da sua decis\u00e3o e a anula\u00e7\u00e3o da mesma, j\u00e1 que, naquela data, restavam apenas dezoito dias para o encerramento do ano letivo. Com o acolhimento da den\u00fancia pelo promotor Wallace Barros e, ap\u00f3s an\u00e1lise das alega\u00e7\u00f5es apresentadas pelas fam\u00edlias prejudicadas, a merit\u00edssima sentenciou a a\u00e7\u00e3o, determinando a imediata reintegra\u00e7\u00e3o do pessoal exonerado.<\/p>\n<p>&nbsp;<\/p>\n<p>Pelo visto, o inferno astral da fam\u00edlia Oliveira n\u00e3o para por a\u00ed, j\u00e1 que, tamb\u00e9m encontra-se em Salvador, na mesa do desembargador Le\u00e3o Aparecido Alves, esperando por senten\u00e7a a qualquer momento, processo referente \u00e0 fat\u00eddica \u201copera\u00e7\u00e3o fraternos\u201d, que apura desvios de cerca de 250 milh\u00f5es dos cofres p\u00fablicos de Eun\u00e1polis, Porto Seguro e Santa Cruz Cabr\u00e1lia, denominada \u201cciranda financeira\u201d, pela pol\u00edcia federal, em face da farra com o dinheiro publico e do revezamento das empresas participantes nos eventos licitat\u00f3rios nos munic\u00edpios da Costa do Descobrimento.<\/p>\n<p><em><strong>Informa\u00e7\u00f5es: Joj\u00f4 Noticias<\/strong><\/em><\/p>\n","protected":false},"excerpt":{"rendered":"<p>A ju\u00edza de direito da comarca de Santa Cruz Cabr\u00e1lia, Tarc\u00edsia de Oliveira Fonseca Elias, determinou nesta ter\u00e7a-feira, 20\/11, a reintegra\u00e7\u00e3o dos servidores demitidos pelo Prefeito de Santa Cruz Cabr\u00e1lia, Agnelo Santos. A demiss\u00e3o foi divulgada na edi\u00e7\u00e3o do Di\u00e1rio Oficial daquele munic\u00edpio do \u00faltimo dia 05\/11. &nbsp; As demiss\u00f5es alcan\u00e7aram 82 servidores, sendo a [&hellip;]<\/p>\n","protected":false},"author":7,"featured_media":18178,"comment_status":"open","ping_status":"open","sticky":false,"template":"","format":"standard","meta":{"footnotes":""},"categories":[45,1],"tags":[108],"class_list":["post-20495","post","type-post","status-publish","format-standard","has-post-thumbnail","hentry","category-cidades","category-noticias","tag-belmonte"],"_links":{"self":[{"href":"https:\/\/www.maisbn.com\/portal\/wp-json\/wp\/v2\/posts\/20495","targetHints":{"allow":["GET"]}}],"collection":[{"href":"https:\/\/www.maisbn.com\/portal\/wp-json\/wp\/v2\/posts"}],"about":[{"href":"https:\/\/www.maisbn.com\/portal\/wp-json\/wp\/v2\/types\/post"}],"author":[{"embeddable":true,"href":"https:\/\/www.maisbn.com\/portal\/wp-json\/wp\/v2\/users\/7"}],"replies":[{"embeddable":true,"href":"https:\/\/www.maisbn.com\/portal\/wp-json\/wp\/v2\/comments?post=20495"}],"version-history":[{"count":2,"href":"https:\/\/www.maisbn.com\/portal\/wp-json\/wp\/v2\/posts\/20495\/revisions"}],"predecessor-version":[{"id":20498,"href":"https:\/\/www.maisbn.com\/portal\/wp-json\/wp\/v2\/posts\/20495\/revisions\/20498"}],"wp:featuredmedia":[{"embeddable":true,"href":"https:\/\/www.maisbn.com\/portal\/wp-json\/wp\/v2\/media\/18178"}],"wp:attachment":[{"href":"https:\/\/www.maisbn.com\/portal\/wp-json\/wp\/v2\/media?parent=20495"}],"wp:term":[{"taxonomy":"category","embeddable":true,"href":"https:\/\/www.maisbn.com\/portal\/wp-json\/wp\/v2\/categories?post=20495"},{"taxonomy":"post_tag","embeddable":true,"href":"https:\/\/www.maisbn.com\/portal\/wp-json\/wp\/v2\/tags?post=20495"}],"curies":[{"name":"wp","href":"https:\/\/api.w.org\/{rel}","templated":true}]}}