{"id":20463,"date":"2018-11-20T12:49:53","date_gmt":"2018-11-20T15:49:53","guid":{"rendered":"http:\/\/www.maisbn.com\/portal\/?p=20463"},"modified":"2018-11-20T12:49:53","modified_gmt":"2018-11-20T15:49:53","slug":"descaso-da-coelba-provoca-revolta-na-populacao-e-indignacao-nas-liderancas-politicas-de-belmonte-3","status":"publish","type":"post","link":"https:\/\/www.maisbn.com\/portal\/2018\/11\/descaso-da-coelba-provoca-revolta-na-populacao-e-indignacao-nas-liderancas-politicas-de-belmonte-3\/","title":{"rendered":"Descaso da COELBA provoca revolta na popula\u00e7\u00e3o e indigna\u00e7\u00e3o nas lideran\u00e7as pol\u00edticas de Belmonte."},"content":{"rendered":"<p class=\"western\"><a href=\"http:\/\/www.maisbn.com\/portal\/wp-content\/uploads\/2017\/10\/janival_passeata.jpg\"><img loading=\"lazy\" decoding=\"async\" class=\"aligncenter size-full wp-image-16474\" src=\"http:\/\/www.maisbn.com\/portal\/wp-content\/uploads\/2017\/10\/janival_passeata.jpg\" alt=\"janival_passeata\" width=\"600\" height=\"438\" \/><\/a><\/p>\n<p class=\"western\"><span style=\"color: #333333;\"><span style=\"font-family: Georgia, 'Times New Roman', 'Bitstream Charter', Times, serif;\"><span style=\"font-size: medium;\">O descaso da Companhia El\u00e9trica do Estado da Bahia (COELBA) em Belmonte vem sendo motivo de revolta da popula\u00e7\u00e3o e indigna\u00e7\u00e3o das lideran\u00e7as da cidade. Na noite dessa segunda-feira (19\/11) a primeira lideran\u00e7a a se manifestar foi o Prefeito Janival Borges que emitiu uma nota criticando duramente a concession\u00e1ria de energia. O gestor belmontense ressaltou o descaso da Coelba com a popula\u00e7\u00e3o belmontense que h\u00e1 muito tempo vem sofrendo com os diversos apag\u00f5es frequentes, principalmente quando acontece grandes eventos. Janival usou como exemplos a queda de energia durante o Encontro de Filarm\u00f4nicas no \u00faltimo domingo (18\/11) e outro apag\u00e3o ainda mais s\u00e9rio que aconteceu durante o Arrast\u00e3o do Carnaval desse ano. &#8220;<\/span><\/span><\/span><em><span style=\"color: #333333;\"><span style=\"font-family: Georgia, 'Times New Roman', 'Bitstream Charter', Times, serif;\"><span style=\"font-size: medium;\"><b>Nessas duas ocasi\u00f5es a cidade estava repleta de pessoas e todas ficaram no escuro total durante um grande espa\u00e7o de tempo. Quedas de energia acontecem quase que diariamente na cidade e nenhuma provid\u00eancia \u00e9 tomada. H\u00e1 muito tempo a COELBA vem prometendo melhorias e at\u00e9 o momento nada aconteceu. Agora vou tomar medidas mais duras e n\u00e3o descarto uma a\u00e7\u00e3o judicial do munic\u00edpio contra a empresa para garantir aos belmontenses uma energia de qualidade&#8221;<\/b><\/span><\/span><\/span><\/em><strong><span style=\"color: #333333;\"><span style=\"font-family: Georgia, 'Times New Roman', 'Bitstream Charter', Times, serif;\"><span style=\"font-size: medium;\"><b>\u00a0<\/b><\/span><\/span><\/span><\/strong><span style=\"color: #333333;\"><span style=\"font-family: Georgia, 'Times New Roman', 'Bitstream Charter', Times, serif;\"><span style=\"font-size: medium;\">&#8211; Finalizou o gestor.<\/span><\/span><\/span><\/p>\n<p class=\"western\"><a href=\"http:\/\/www.maisbn.com\/portal\/wp-content\/uploads\/2018\/11\/Alfredoabercebvereador.jpg\"><img loading=\"lazy\" decoding=\"async\" class=\"aligncenter  wp-image-20453\" src=\"http:\/\/www.maisbn.com\/portal\/wp-content\/uploads\/2018\/11\/Alfredoabercebvereador.jpg\" alt=\"Alfredoabercebvereador\" width=\"583\" height=\"320\" \/><\/a><\/p>\n<p class=\"western\"><span style=\"color: #333333;\"><span style=\"font-family: Georgia, 'Times New Roman', 'Bitstream Charter', Times, serif;\"><span style=\"font-size: medium;\">Quem tamb\u00e9m se manifestou e abriu o verbo foi o Vereador e Vice-presidente da C\u00e2mara Alfredo Aberceb. O edil tamb\u00e9m acusou a COELBA de descaso e se referiu \u00e0 concession\u00e1ria como irrespons\u00e1vel e inoperante. Alfredo ainda avisou que estar\u00e1 procurando o Minist\u00e9rio P\u00fablico para denunciar a empresa pelos seus maus servi\u00e7os prestados a Belmonte.\u00a0<\/span><\/span><\/span><em><span style=\"color: #333333;\"><span style=\"font-family: Georgia, 'Times New Roman', 'Bitstream Charter', Times, serif;\"><span style=\"font-size: medium;\"><b>&#8220;A COELBA est\u00e1 dando de ombros para os poderes executivo e legislativo que v\u00eam se manifestando h\u00e1 muito tempo contra as constantes quedas de energia. Diante do descaso com a nossa comunidade, estou apresentando a situa\u00e7\u00e3o ao Minist\u00e9rio P\u00fablico para que provid\u00eancias judiciais sejam tomadas contra a empresa.&#8221;<\/b><\/span><\/span><\/span><\/em><span style=\"color: #333333;\">\u00a0<\/span><span style=\"color: #333333;\"><span style=\"font-family: Georgia, 'Times New Roman', 'Bitstream Charter', Times, serif;\"><span style=\"font-size: medium;\">&#8211; Finalizou Alfredo.<\/span><\/span><\/span><\/p>\n","protected":false},"excerpt":{"rendered":"<p>O descaso da Companhia El\u00e9trica do Estado da Bahia (COELBA) em Belmonte vem sendo motivo de revolta da popula\u00e7\u00e3o e indigna\u00e7\u00e3o das lideran\u00e7as da cidade. Na noite dessa segunda-feira (19\/11) a primeira lideran\u00e7a a se manifestar foi o Prefeito Janival Borges que emitiu uma nota criticando duramente a concession\u00e1ria de energia. O gestor belmontense ressaltou [&hellip;]<\/p>\n","protected":false},"author":7,"featured_media":20464,"comment_status":"open","ping_status":"open","sticky":false,"template":"","format":"standard","meta":{"footnotes":""},"categories":[45,1],"tags":[108],"class_list":["post-20463","post","type-post","status-publish","format-standard","has-post-thumbnail","hentry","category-cidades","category-noticias","tag-belmonte"],"_links":{"self":[{"href":"https:\/\/www.maisbn.com\/portal\/wp-json\/wp\/v2\/posts\/20463","targetHints":{"allow":["GET"]}}],"collection":[{"href":"https:\/\/www.maisbn.com\/portal\/wp-json\/wp\/v2\/posts"}],"about":[{"href":"https:\/\/www.maisbn.com\/portal\/wp-json\/wp\/v2\/types\/post"}],"author":[{"embeddable":true,"href":"https:\/\/www.maisbn.com\/portal\/wp-json\/wp\/v2\/users\/7"}],"replies":[{"embeddable":true,"href":"https:\/\/www.maisbn.com\/portal\/wp-json\/wp\/v2\/comments?post=20463"}],"version-history":[{"count":1,"href":"https:\/\/www.maisbn.com\/portal\/wp-json\/wp\/v2\/posts\/20463\/revisions"}],"predecessor-version":[{"id":20465,"href":"https:\/\/www.maisbn.com\/portal\/wp-json\/wp\/v2\/posts\/20463\/revisions\/20465"}],"wp:featuredmedia":[{"embeddable":true,"href":"https:\/\/www.maisbn.com\/portal\/wp-json\/wp\/v2\/media\/20464"}],"wp:attachment":[{"href":"https:\/\/www.maisbn.com\/portal\/wp-json\/wp\/v2\/media?parent=20463"}],"wp:term":[{"taxonomy":"category","embeddable":true,"href":"https:\/\/www.maisbn.com\/portal\/wp-json\/wp\/v2\/categories?post=20463"},{"taxonomy":"post_tag","embeddable":true,"href":"https:\/\/www.maisbn.com\/portal\/wp-json\/wp\/v2\/tags?post=20463"}],"curies":[{"name":"wp","href":"https:\/\/api.w.org\/{rel}","templated":true}]}}