{"id":20412,"date":"2018-11-14T16:07:04","date_gmt":"2018-11-14T19:07:04","guid":{"rendered":"http:\/\/www.maisbn.com\/portal\/?p=20412"},"modified":"2018-11-14T16:07:04","modified_gmt":"2018-11-14T19:07:04","slug":"belmonte-comemora-o-dia-municipal-da-poesia-em-homenagem-ao-poeta-sosigenes-costa","status":"publish","type":"post","link":"https:\/\/www.maisbn.com\/portal\/2018\/11\/belmonte-comemora-o-dia-municipal-da-poesia-em-homenagem-ao-poeta-sosigenes-costa\/","title":{"rendered":"Belmonte comemora o Dia Municipal da poesia, em homenagem ao Poeta Sos\u00edgenes Costa."},"content":{"rendered":"<p><a href=\"http:\/\/www.maisbn.com\/portal\/wp-content\/uploads\/2018\/11\/WhatsApp-Image-2018-11-13-at-07.56.02.jpeg\"><img loading=\"lazy\" decoding=\"async\" class=\"aligncenter  wp-image-20413\" src=\"http:\/\/www.maisbn.com\/portal\/wp-content\/uploads\/2018\/11\/WhatsApp-Image-2018-11-13-at-07.56.02-900x900.jpeg\" alt=\"WhatsApp Image 2018-11-13 at 07.56.02\" width=\"600\" height=\"600\" srcset=\"https:\/\/www.maisbn.com\/portal\/wp-content\/uploads\/2018\/11\/WhatsApp-Image-2018-11-13-at-07.56.02-900x900.jpeg 900w, https:\/\/www.maisbn.com\/portal\/wp-content\/uploads\/2018\/11\/WhatsApp-Image-2018-11-13-at-07.56.02-1000x1000.jpeg 1000w, https:\/\/www.maisbn.com\/portal\/wp-content\/uploads\/2018\/11\/WhatsApp-Image-2018-11-13-at-07.56.02.jpeg 1280w\" sizes=\"auto, (max-width: 600px) 100vw, 600px\" \/><\/a><\/p>\n<p>A cidade de Belmonte est\u00e1 comemorando nessa quarta-feira (14\/11) o Dia Municipal da Poesia. Sancionada pelo Prefeito Janival Borges no \u00faltimo dia 12\/11, a data especial comemora o advento do nascimento do poeta belmontense Sos\u00edgenes Costa.\u00a0Sos\u00edgenes Costa\u00a0foi um poeta brasileiro nasceu em Belmonte no dia 11 de novembro de 1901 e come\u00e7ou a sua trajet\u00f3ria\u00a0liter\u00e1ria em 1928 escrevendo para o Di\u00e1rio da Tarde, na cidade de Ilh\u00e9us.\u00a0No mesmo ano o escritor, jornalista, Poeta, professor e Cronista torna-se membro da Academia dos Rebeldes junto com Pinheiro Viegas, Jorge Amado, Edson Carneiro e Dias Costas.<\/p>\n<p><a href=\"http:\/\/www.maisbn.com\/portal\/wp-content\/uploads\/2018\/11\/WhatsApp-Image-2018-11-14-at-09.35.26.jpeg\"><img loading=\"lazy\" decoding=\"async\" class=\"aligncenter  wp-image-20414\" src=\"http:\/\/www.maisbn.com\/portal\/wp-content\/uploads\/2018\/11\/WhatsApp-Image-2018-11-14-at-09.35.26-900x900.jpeg\" alt=\"WhatsApp Image 2018-11-14 at 09.35.26\" width=\"601\" height=\"601\" srcset=\"https:\/\/www.maisbn.com\/portal\/wp-content\/uploads\/2018\/11\/WhatsApp-Image-2018-11-14-at-09.35.26-900x900.jpeg 900w, https:\/\/www.maisbn.com\/portal\/wp-content\/uploads\/2018\/11\/WhatsApp-Image-2018-11-14-at-09.35.26-1000x1000.jpeg 1000w, https:\/\/www.maisbn.com\/portal\/wp-content\/uploads\/2018\/11\/WhatsApp-Image-2018-11-14-at-09.35.26.jpeg 1280w\" sizes=\"auto, (max-width: 601px) 100vw, 601px\" \/><\/a><\/p>\n<p>&nbsp;<\/p>\n<p>Em 1959 ocorre a publica\u00e7\u00e3o de seu livro\u00a0<em>Obra Po\u00e9tica<\/em>, pelo qual recebe o Pr\u00eamio Jabuti de Poesia, em 1960. Sos\u00edgenes teve parte de seu trabalho reunido no volume\u00a0<em>Obra Po\u00e9tica\u00a0<\/em>(1959), mas foram os esfor\u00e7os cr\u00edticos de Jos\u00e9 Paulo Paes que trouxeram maior aten\u00e7\u00e3o ao trabalho do poeta baiano, quando, em 1978, Paes passa a trabalhar com a obra do escritor belmontense. O longo poema\u00a0<em>Iararana<\/em>, escrito em 1933, seria editado em 1979, com ilustra\u00e7\u00f5es de Aldemir Martins. Em 2001, a sua produ\u00e7\u00e3o po\u00e9tica foi reunida num volume \u00fanico,\u00a0<em>Poesia Completa<\/em>, publicado pelo Conselho Estadual de Cultura da Bahia. Sos\u00edgenes Costa morreu no Rio de Janeiro, a 5 de novembro de 1968.<\/p>\n<p><a href=\"http:\/\/www.maisbn.com\/portal\/wp-content\/uploads\/2018\/11\/WhatsApp-Image-2018-11-14-at-09.35.46.jpeg\"><img loading=\"lazy\" decoding=\"async\" class=\"aligncenter  wp-image-20415\" src=\"http:\/\/www.maisbn.com\/portal\/wp-content\/uploads\/2018\/11\/WhatsApp-Image-2018-11-14-at-09.35.46-900x900.jpeg\" alt=\"WhatsApp Image 2018-11-14 at 09.35.46\" width=\"600\" height=\"600\" srcset=\"https:\/\/www.maisbn.com\/portal\/wp-content\/uploads\/2018\/11\/WhatsApp-Image-2018-11-14-at-09.35.46-900x900.jpeg 900w, https:\/\/www.maisbn.com\/portal\/wp-content\/uploads\/2018\/11\/WhatsApp-Image-2018-11-14-at-09.35.46-1000x1000.jpeg 1000w, https:\/\/www.maisbn.com\/portal\/wp-content\/uploads\/2018\/11\/WhatsApp-Image-2018-11-14-at-09.35.46.jpeg 1280w\" sizes=\"auto, (max-width: 600px) 100vw, 600px\" \/><\/a><\/p>\n<p>Em conversa com o Secret\u00e1rio Municipal de Turismo e Cultura, o tamb\u00e9m poeta Herculano Assis, o mesmo revelou ter muita alegria em estar resgatando a mem\u00f3ria de Sos\u00edgenes Costa por achar importante que os belmontenses conhe\u00e7am os seus \u00edcones. <strong><em>&#8220;Sos\u00edgenes levou o nome de Belmonte para todo o Brasil com o sucesso de suas obras e temos que reverenciar esse grande belmontense que, apesar do grande sucesso, n\u00e3o esqueceu as suas ra\u00edzes nem a sua terra.&#8221;<\/em> <\/strong>&#8211; Finalizou Herculano.<\/p>\n","protected":false},"excerpt":{"rendered":"<p>A cidade de Belmonte est\u00e1 comemorando nessa quarta-feira (14\/11) o Dia Municipal da Poesia. Sancionada pelo Prefeito Janival Borges no \u00faltimo dia 12\/11, a data especial comemora o advento do nascimento do poeta belmontense Sos\u00edgenes Costa.\u00a0Sos\u00edgenes Costa\u00a0foi um poeta brasileiro nasceu em Belmonte no dia 11 de novembro de 1901 e come\u00e7ou a sua trajet\u00f3ria\u00a0liter\u00e1ria [&hellip;]<\/p>\n","protected":false},"author":7,"featured_media":20413,"comment_status":"open","ping_status":"open","sticky":false,"template":"","format":"standard","meta":{"footnotes":""},"categories":[45,1],"tags":[108],"class_list":["post-20412","post","type-post","status-publish","format-standard","has-post-thumbnail","hentry","category-cidades","category-noticias","tag-belmonte"],"_links":{"self":[{"href":"https:\/\/www.maisbn.com\/portal\/wp-json\/wp\/v2\/posts\/20412","targetHints":{"allow":["GET"]}}],"collection":[{"href":"https:\/\/www.maisbn.com\/portal\/wp-json\/wp\/v2\/posts"}],"about":[{"href":"https:\/\/www.maisbn.com\/portal\/wp-json\/wp\/v2\/types\/post"}],"author":[{"embeddable":true,"href":"https:\/\/www.maisbn.com\/portal\/wp-json\/wp\/v2\/users\/7"}],"replies":[{"embeddable":true,"href":"https:\/\/www.maisbn.com\/portal\/wp-json\/wp\/v2\/comments?post=20412"}],"version-history":[{"count":1,"href":"https:\/\/www.maisbn.com\/portal\/wp-json\/wp\/v2\/posts\/20412\/revisions"}],"predecessor-version":[{"id":20416,"href":"https:\/\/www.maisbn.com\/portal\/wp-json\/wp\/v2\/posts\/20412\/revisions\/20416"}],"wp:featuredmedia":[{"embeddable":true,"href":"https:\/\/www.maisbn.com\/portal\/wp-json\/wp\/v2\/media\/20413"}],"wp:attachment":[{"href":"https:\/\/www.maisbn.com\/portal\/wp-json\/wp\/v2\/media?parent=20412"}],"wp:term":[{"taxonomy":"category","embeddable":true,"href":"https:\/\/www.maisbn.com\/portal\/wp-json\/wp\/v2\/categories?post=20412"},{"taxonomy":"post_tag","embeddable":true,"href":"https:\/\/www.maisbn.com\/portal\/wp-json\/wp\/v2\/tags?post=20412"}],"curies":[{"name":"wp","href":"https:\/\/api.w.org\/{rel}","templated":true}]}}