{"id":20352,"date":"2018-11-09T07:16:19","date_gmt":"2018-11-09T10:16:19","guid":{"rendered":"http:\/\/www.maisbn.com\/portal\/?p=20352"},"modified":"2018-11-09T07:16:19","modified_gmt":"2018-11-09T10:16:19","slug":"empresarios-e-designers-decidem-investir-no-patrimonio-historico-belmontense","status":"publish","type":"post","link":"https:\/\/www.maisbn.com\/portal\/2018\/11\/empresarios-e-designers-decidem-investir-no-patrimonio-historico-belmontense\/","title":{"rendered":"Empres\u00e1rios e designers decidem investir no patrim\u00f4nio hist\u00f3rico belmontense."},"content":{"rendered":"<div id=\"attachment_20353\" style=\"width: 610px\" class=\"wp-caption aligncenter\"><a href=\"http:\/\/www.maisbn.com\/portal\/wp-content\/uploads\/2018\/11\/belmonte_2-1.jpg\"><img loading=\"lazy\" decoding=\"async\" aria-describedby=\"caption-attachment-20353\" class=\"wp-image-20353\" src=\"http:\/\/www.maisbn.com\/portal\/wp-content\/uploads\/2018\/11\/belmonte_2-1.jpg\" alt=\"belmonte_2-1\" width=\"600\" height=\"400\" \/><\/a><p id=\"caption-attachment-20353\" class=\"wp-caption-text\">Nesta casa, onde viveram os av\u00f3s de Zanini Zanine, ser\u00e1 montado o Museu Zanine Caldas.<\/p><\/div>\n<p>Belmonte quer retomar os tempos \u00e1ureos dos bar\u00f5es do cacau. Isso gra\u00e7as \u00e0 iniciativa de designers e empres\u00e1rios que decidiram investir na regi\u00e3o de praias paradis\u00edacas e casar\u00f5es tombados pelo Patrim\u00f4nio Hist\u00f3rico. Um dos respons\u00e1veis por essa revitaliza\u00e7\u00e3o da cidade, datada de 1764 e a 72 km de Porto Seguro, \u00e9 o carioca Zanini de Zanine, filho ca\u00e7ula de Zanine Caldas. <strong><em>\u201cVisitei a cidade pela primeira vez em 2017 e me encantei. Sua riqueza cultural impressiona\u201d<\/em><\/strong>, conta. Apoiado pelo Prefeito Janival Borges, atrav\u00e9s da Secretaria Municipal de Cultura e Turismo, Zanini transformar\u00e1 a antiga casa dos av\u00f3s num museu dedicado \u00e0 obra de seu pai. \u201c<em><strong>J\u00e1 comecei a montar o acervo e adquirir pe\u00e7as\u201d<\/strong><\/em>, diz ele, que convidou o arquiteto Marcio Kogan para idealizar a constru\u00e7\u00e3o contempor\u00e2nea da institui\u00e7\u00e3o.<\/p>\n<p><a href=\"http:\/\/www.maisbn.com\/portal\/wp-content\/uploads\/2018\/11\/belmonte_1-2.jpg\"><img loading=\"lazy\" decoding=\"async\" class=\"aligncenter  wp-image-20354\" src=\"http:\/\/www.maisbn.com\/portal\/wp-content\/uploads\/2018\/11\/belmonte_1-2.jpg\" alt=\"belmonte_1-2\" width=\"600\" height=\"400\" \/><\/a><\/p>\n<p>Na cal\u00e7ada oposta, ficar\u00e1 outro museu: o Museu das Cadeiras Brasileiras. <strong><em>\u201cPor doa\u00e7\u00f5es, reunimos 50 modelos de autores modernos e contempor\u00e2neos. Christian Larsen, do Metropolitan de Nova York, \u00e9 o curador\u201d<\/em><\/strong>, revela. Em novembro, entre os dias 8 e 11, Zanini prepara a pr\u00e9-inaugura\u00e7\u00e3o do projeto com a presen\u00e7a de galeristas, curadores e designers. <strong><em>\u201cDeixaremos esse patrim\u00f4nio para o pa\u00eds, o que fomentar\u00e1 a regi\u00e3o e seu vi\u00e9s cultural\u201d<\/em><\/strong>, afirma.<\/p>\n","protected":false},"excerpt":{"rendered":"<p>Belmonte quer retomar os tempos \u00e1ureos dos bar\u00f5es do cacau. Isso gra\u00e7as \u00e0 iniciativa de designers e empres\u00e1rios que decidiram investir na regi\u00e3o de praias paradis\u00edacas e casar\u00f5es tombados pelo Patrim\u00f4nio Hist\u00f3rico. Um dos respons\u00e1veis por essa revitaliza\u00e7\u00e3o da cidade, datada de 1764 e a 72 km de Porto Seguro, \u00e9 o carioca Zanini de [&hellip;]<\/p>\n","protected":false},"author":7,"featured_media":20353,"comment_status":"open","ping_status":"open","sticky":false,"template":"","format":"standard","meta":{"footnotes":""},"categories":[45,1],"tags":[108],"class_list":["post-20352","post","type-post","status-publish","format-standard","has-post-thumbnail","hentry","category-cidades","category-noticias","tag-belmonte"],"_links":{"self":[{"href":"https:\/\/www.maisbn.com\/portal\/wp-json\/wp\/v2\/posts\/20352","targetHints":{"allow":["GET"]}}],"collection":[{"href":"https:\/\/www.maisbn.com\/portal\/wp-json\/wp\/v2\/posts"}],"about":[{"href":"https:\/\/www.maisbn.com\/portal\/wp-json\/wp\/v2\/types\/post"}],"author":[{"embeddable":true,"href":"https:\/\/www.maisbn.com\/portal\/wp-json\/wp\/v2\/users\/7"}],"replies":[{"embeddable":true,"href":"https:\/\/www.maisbn.com\/portal\/wp-json\/wp\/v2\/comments?post=20352"}],"version-history":[{"count":1,"href":"https:\/\/www.maisbn.com\/portal\/wp-json\/wp\/v2\/posts\/20352\/revisions"}],"predecessor-version":[{"id":20355,"href":"https:\/\/www.maisbn.com\/portal\/wp-json\/wp\/v2\/posts\/20352\/revisions\/20355"}],"wp:featuredmedia":[{"embeddable":true,"href":"https:\/\/www.maisbn.com\/portal\/wp-json\/wp\/v2\/media\/20353"}],"wp:attachment":[{"href":"https:\/\/www.maisbn.com\/portal\/wp-json\/wp\/v2\/media?parent=20352"}],"wp:term":[{"taxonomy":"category","embeddable":true,"href":"https:\/\/www.maisbn.com\/portal\/wp-json\/wp\/v2\/categories?post=20352"},{"taxonomy":"post_tag","embeddable":true,"href":"https:\/\/www.maisbn.com\/portal\/wp-json\/wp\/v2\/tags?post=20352"}],"curies":[{"name":"wp","href":"https:\/\/api.w.org\/{rel}","templated":true}]}}