{"id":20345,"date":"2018-11-08T21:56:40","date_gmt":"2018-11-09T00:56:40","guid":{"rendered":"http:\/\/www.maisbn.com\/portal\/?p=20345"},"modified":"2018-11-08T21:56:40","modified_gmt":"2018-11-09T00:56:40","slug":"prefeitura-de-cabralia-demite-82-auxiliares-escolares-que-atuavam-como-cuidadores-de-criancas-especiais","status":"publish","type":"post","link":"https:\/\/www.maisbn.com\/portal\/2018\/11\/prefeitura-de-cabralia-demite-82-auxiliares-escolares-que-atuavam-como-cuidadores-de-criancas-especiais\/","title":{"rendered":"Prefeitura de Cabr\u00e1lia demite 82 auxiliares escolares que atuavam como cuidadores de crian\u00e7as especiais.."},"content":{"rendered":"<p><a href=\"http:\/\/www.maisbn.com\/portal\/wp-content\/uploads\/2018\/11\/IMAGEM_NOTICIA_5.jpg\"><img loading=\"lazy\" decoding=\"async\" class=\"aligncenter size-full wp-image-20346\" src=\"http:\/\/www.maisbn.com\/portal\/wp-content\/uploads\/2018\/11\/IMAGEM_NOTICIA_5.jpg\" alt=\"IMAGEM_NOTICIA_5\" width=\"380\" height=\"280\" \/><\/a><\/p>\n<p>Oitenta e dois auxiliares de classe da prefeitura de Santa Cruz Cabr\u00e1lia, na Costa do Descobrimento, sul baiano, foram demitidos. O desligamento ocorre a um m\u00eas do fim do ano letivo. \u00c0 TV Santa Cruz, a secret\u00e1ria de Educa\u00e7\u00e3o local, Dilza Reis, disse nesta quarta-feira (7) que a exonera\u00e7\u00e3o se deve ao cumprimento da Lei de Responsabilidade Fiscal (LRF). A secretaria, segundo Reis, estava gastando mais que o permitido na folha de pagamento mensal.<\/p>\n<p>Segundo a emissora, os funcion\u00e1rios demitidos tinham contratos at\u00e9 dia 30 de novembro e atuavam como cuidadores, dando apoio nas atividades para crian\u00e7as com defici\u00eancia ou dificuldade de locomo\u00e7\u00e3o. Por conta da demiss\u00e3o, pais de alunos especiais ficaram preocupados. Joseane Lib\u00f3rio, que tem uma filha de 5 anos com espectro autista, disse que com a exonera\u00e7\u00e3o\u00a0a filha n\u00e3o tem ido \u00e0 escola.<\/p>\n<p>Alguns pais de alunos tamb\u00e9m acionaram o Minist\u00e9rio P\u00fablico devido ao caso. Em resposta aos pais, a secret\u00e1ria de Educa\u00e7\u00e3o do munic\u00edpio se comprometeu a remanejar outros funcion\u00e1rios, de outros setores da educa\u00e7\u00e3o, para atuarem nas escolas que tiveram os auxiliares demitidos.<\/p>\n","protected":false},"excerpt":{"rendered":"<p>Oitenta e dois auxiliares de classe da prefeitura de Santa Cruz Cabr\u00e1lia, na Costa do Descobrimento, sul baiano, foram demitidos. O desligamento ocorre a um m\u00eas do fim do ano letivo. \u00c0 TV Santa Cruz, a secret\u00e1ria de Educa\u00e7\u00e3o local, Dilza Reis, disse nesta quarta-feira (7) que a exonera\u00e7\u00e3o se deve ao cumprimento da Lei [&hellip;]<\/p>\n","protected":false},"author":7,"featured_media":20346,"comment_status":"open","ping_status":"open","sticky":false,"template":"","format":"standard","meta":{"footnotes":""},"categories":[45,1],"tags":[108],"class_list":["post-20345","post","type-post","status-publish","format-standard","has-post-thumbnail","hentry","category-cidades","category-noticias","tag-belmonte"],"_links":{"self":[{"href":"https:\/\/www.maisbn.com\/portal\/wp-json\/wp\/v2\/posts\/20345","targetHints":{"allow":["GET"]}}],"collection":[{"href":"https:\/\/www.maisbn.com\/portal\/wp-json\/wp\/v2\/posts"}],"about":[{"href":"https:\/\/www.maisbn.com\/portal\/wp-json\/wp\/v2\/types\/post"}],"author":[{"embeddable":true,"href":"https:\/\/www.maisbn.com\/portal\/wp-json\/wp\/v2\/users\/7"}],"replies":[{"embeddable":true,"href":"https:\/\/www.maisbn.com\/portal\/wp-json\/wp\/v2\/comments?post=20345"}],"version-history":[{"count":1,"href":"https:\/\/www.maisbn.com\/portal\/wp-json\/wp\/v2\/posts\/20345\/revisions"}],"predecessor-version":[{"id":20347,"href":"https:\/\/www.maisbn.com\/portal\/wp-json\/wp\/v2\/posts\/20345\/revisions\/20347"}],"wp:featuredmedia":[{"embeddable":true,"href":"https:\/\/www.maisbn.com\/portal\/wp-json\/wp\/v2\/media\/20346"}],"wp:attachment":[{"href":"https:\/\/www.maisbn.com\/portal\/wp-json\/wp\/v2\/media?parent=20345"}],"wp:term":[{"taxonomy":"category","embeddable":true,"href":"https:\/\/www.maisbn.com\/portal\/wp-json\/wp\/v2\/categories?post=20345"},{"taxonomy":"post_tag","embeddable":true,"href":"https:\/\/www.maisbn.com\/portal\/wp-json\/wp\/v2\/tags?post=20345"}],"curies":[{"name":"wp","href":"https:\/\/api.w.org\/{rel}","templated":true}]}}