{"id":20313,"date":"2018-11-06T20:55:50","date_gmt":"2018-11-06T23:55:50","guid":{"rendered":"http:\/\/www.maisbn.com\/portal\/?p=20313"},"modified":"2018-11-07T12:50:34","modified_gmt":"2018-11-07T15:50:34","slug":"comandante-da-pm-em-belmonte-usa-a-tribuna-da-camara-para-abordar-o-combate-ao-trafico-de-drogas-na-cidade","status":"publish","type":"post","link":"https:\/\/www.maisbn.com\/portal\/2018\/11\/comandante-da-pm-em-belmonte-usa-a-tribuna-da-camara-para-abordar-o-combate-ao-trafico-de-drogas-na-cidade\/","title":{"rendered":"Comandante da PM em Belmonte usa a tribuna da C\u00e2mara para abordar o combate ao tr\u00e1fico de drogas na cidade."},"content":{"rendered":"<p>Na noite dessa segunda-feira (05\/11), a C\u00e2mara de Vereadores de Belmonte recebeu em sua tribuna o comandante da Pol\u00edcia Militar na cidade, Capit\u00e3o Neri. O militar abordou o combate \u00e0 criminalidade e ao tr\u00e1fico de drogas na cidade realizado pela institui\u00e7\u00e3o e esclareceu algumas cr\u00edticas que usaram como base informa\u00e7\u00f5es equivocadas no intuito de tentar politizar esses dois grandes problemas que afetam a cidade de Belmonte.<\/p>\n<p><a href=\"http:\/\/www.maisbn.com\/portal\/wp-content\/uploads\/2018\/03\/capitaoneriaudiencia01.jpeg\"><img loading=\"lazy\" decoding=\"async\" class=\"aligncenter wp-image-17984\" src=\"http:\/\/www.maisbn.com\/portal\/wp-content\/uploads\/2018\/03\/capitaoneriaudiencia01.jpeg\" alt=\"capitaoneriaudiencia01\" width=\"581\" height=\"368\" \/><\/a><\/p>\n<p>Capit\u00e3o Neri abordou diante de todos as opera\u00e7\u00f5es bem sucedidas da \u00faltima semana que resultou em uma importante apreens\u00e3o de drogas, recupera\u00e7\u00e3o de dois ve\u00edculo e no combate a criminosos que agiam na regi\u00e3o do povoado do Ub\u00fa amedrontando fazendeiros e moradores, onde um confronto ocorrido na noite da \u00faltima quinta-feira (01\/11) acabou na morte de um dos bandidos e com um menor infrator ferido, sendo que, os dois elementos citados, momentos antes, tinham assaltado mais uma propriedade rural.\u00a0 Capit\u00e3o Neri ainda abordou a car\u00eancia de material humano nas pol\u00edcias civil e militar na cidade.\u00a0<strong><em>&#8220;Apesar da car\u00eancia de material humano, as for\u00e7as policiais est\u00e3o trabalhando e conseguindo bons resultados, s\u00f3 que, as pessoas criticam, n\u00e3o divulgam as not\u00edcias boas e preferem dar mais \u00eanfases \u00e0s not\u00edcias ruins que assustam a popula\u00e7\u00e3o.&#8221;<\/em> <\/strong>&#8211; Comentou Capit\u00e3o Neri.<\/p>\n<p><a href=\"http:\/\/www.maisbn.com\/portal\/wp-content\/uploads\/2018\/11\/pm_camara.jpg\"><img loading=\"lazy\" decoding=\"async\" class=\"aligncenter size-full wp-image-20316\" src=\"http:\/\/www.maisbn.com\/portal\/wp-content\/uploads\/2018\/11\/pm_camara.jpg\" alt=\"pm_camara\" width=\"600\" height=\"450\" \/><\/a><\/p>\n<p>O oficial ainda colocou em suas palavras que o tr\u00e1fico de droga se tornou um problema social bastante grave e que apenas a\u00e7\u00f5es policiais n\u00e3o resolvem o problema. Capit\u00e3o Neri ressaltou que o problema est\u00e1 no cerne das rela\u00e7\u00f5es familiares deturbadas onde muitos pais pararam de se responsabilizar pelos seus filhos e querem colocar essa responsabilidade nas m\u00e3os do estado. <strong><em>&#8220;No \u00faltimo homic\u00eddio acontecido aqui na cidade, um jovem de 16 anos matou outro jovem de igual idade em uma aparente rixa causada pelo tr\u00e1fico de drogas. Algu\u00e9m aqui procurou a fam\u00edlia desses dois jovens para questionar? Aonde estavam? Esse \u00e9 um problema s\u00f3 das for\u00e7as policiais? E as fam\u00edlias onde se encaixam nesse contexto social? Tudo isso tem que ser pesado e que todos assumam as suas relativas responsabilidades.&#8221;<\/em> <\/strong>&#8211; Comentou o comandante do policiamento em Belmonte.<\/p>\n<p><a href=\"http:\/\/www.maisbn.com\/portal\/wp-content\/uploads\/2014\/12\/camara_belmonte.jpg\"><img loading=\"lazy\" decoding=\"async\" class=\"aligncenter size-full wp-image-6567\" src=\"http:\/\/www.maisbn.com\/portal\/wp-content\/uploads\/2014\/12\/camara_belmonte.jpg\" alt=\"camara_belmonte\" width=\"528\" height=\"277\" \/><\/a><\/p>\n<p>&nbsp;<\/p>\n<p>Capit\u00e3o Neri encerrou as suas coloca\u00e7\u00f5es ressaltando que o tr\u00e1fico de drogas se fortalece em Belmonte porque h\u00e1 consumo que torna vi\u00e1vel a a\u00e7\u00e3o dos bandidos e que o combate a esse mal tem que come\u00e7ar com os pais em casa aconselhando os seus filhos e os acompanhando na busca de identificar poss\u00edveis m\u00e1s companhias ou abordagens maldosas feitas por traficantes. &#8220;<strong><em>Esse tema tem que estar tamb\u00e9m nas escolas, sempre mostrando aos jovens os perigos das drogas, buscando sempre uma conscientiza\u00e7\u00e3o eficaz que resulte em uma rede de prote\u00e7\u00e3o formada pelas for\u00e7as policias, professores e pais voltada sempre para a prote\u00e7\u00e3o das nossas crian\u00e7as.&#8221;<\/em><\/strong> &#8211; Finalizou Capit\u00e3o Neri sob o aplauso de todos os presentes.<\/p>\n<p>&nbsp;<\/p>\n","protected":false},"excerpt":{"rendered":"<p>Na noite dessa segunda-feira (05\/11), a C\u00e2mara de Vereadores de Belmonte recebeu em sua tribuna o comandante da Pol\u00edcia Militar na cidade, Capit\u00e3o Neri. O militar abordou o combate \u00e0 criminalidade e ao tr\u00e1fico de drogas na cidade realizado pela institui\u00e7\u00e3o e esclareceu algumas cr\u00edticas que usaram como base informa\u00e7\u00f5es equivocadas no intuito de tentar [&hellip;]<\/p>\n","protected":false},"author":7,"featured_media":17984,"comment_status":"open","ping_status":"open","sticky":false,"template":"","format":"standard","meta":{"footnotes":""},"categories":[1,16],"tags":[108],"class_list":["post-20313","post","type-post","status-publish","format-standard","has-post-thumbnail","hentry","category-noticias","category-policial","tag-belmonte"],"_links":{"self":[{"href":"https:\/\/www.maisbn.com\/portal\/wp-json\/wp\/v2\/posts\/20313","targetHints":{"allow":["GET"]}}],"collection":[{"href":"https:\/\/www.maisbn.com\/portal\/wp-json\/wp\/v2\/posts"}],"about":[{"href":"https:\/\/www.maisbn.com\/portal\/wp-json\/wp\/v2\/types\/post"}],"author":[{"embeddable":true,"href":"https:\/\/www.maisbn.com\/portal\/wp-json\/wp\/v2\/users\/7"}],"replies":[{"embeddable":true,"href":"https:\/\/www.maisbn.com\/portal\/wp-json\/wp\/v2\/comments?post=20313"}],"version-history":[{"count":4,"href":"https:\/\/www.maisbn.com\/portal\/wp-json\/wp\/v2\/posts\/20313\/revisions"}],"predecessor-version":[{"id":20328,"href":"https:\/\/www.maisbn.com\/portal\/wp-json\/wp\/v2\/posts\/20313\/revisions\/20328"}],"wp:featuredmedia":[{"embeddable":true,"href":"https:\/\/www.maisbn.com\/portal\/wp-json\/wp\/v2\/media\/17984"}],"wp:attachment":[{"href":"https:\/\/www.maisbn.com\/portal\/wp-json\/wp\/v2\/media?parent=20313"}],"wp:term":[{"taxonomy":"category","embeddable":true,"href":"https:\/\/www.maisbn.com\/portal\/wp-json\/wp\/v2\/categories?post=20313"},{"taxonomy":"post_tag","embeddable":true,"href":"https:\/\/www.maisbn.com\/portal\/wp-json\/wp\/v2\/tags?post=20313"}],"curies":[{"name":"wp","href":"https:\/\/api.w.org\/{rel}","templated":true}]}}