{"id":20276,"date":"2018-11-01T10:43:12","date_gmt":"2018-11-01T13:43:12","guid":{"rendered":"http:\/\/www.maisbn.com\/portal\/?p=20276"},"modified":"2018-11-01T15:50:49","modified_gmt":"2018-11-01T18:50:49","slug":"cmdca-realiza-a-conferencia-municipal-dos-direitos-da-crianca-e-do-adolescente-de-belmonte","status":"publish","type":"post","link":"https:\/\/www.maisbn.com\/portal\/2018\/11\/cmdca-realiza-a-conferencia-municipal-dos-direitos-da-crianca-e-do-adolescente-de-belmonte\/","title":{"rendered":"CMDCA realiza a Confer\u00eancia Municipal dos Direitos da Crian\u00e7a e do Adolescente de Belmonte."},"content":{"rendered":"<p>O Conselho Municipal dos Direitos da Crian\u00e7a e do Adolescente (CMDCA) no \u00faltimo dia 26\/10, no audit\u00f3rio da Col\u00f4nia de Pescadores Z-21, a 3\u00aa Confer\u00eancia Municipal dos Direitos da Crian\u00e7a e do Adolescente com o tema \u201cProte\u00e7\u00e3o Integral, Diversidades e Enfrentamento da Viol\u00eancia\u201d. Com a presen\u00e7a de crian\u00e7as, adolescentes, representantes de \u00f3rg\u00e3os e institui\u00e7\u00f5es, o evento teve como objetivo criar um espa\u00e7o democr\u00e1tico de discuss\u00e3o para a constru\u00e7\u00e3o de propostas voltadas para a afirma\u00e7\u00e3o do princ\u00edpio da prote\u00e7\u00e3o integral de crian\u00e7as e adolescentes nas pol\u00edticas p\u00fablicas, fortalecendo as estrat\u00e9gias e a\u00e7\u00f5es de enfrentamento \u00e0s viol\u00eancias, sempre considerando as diversidades.\u00a0A cerim\u00f4nia de abertura contou com a presen\u00e7a do prefeito Janival Borges, do Delegado Dr. Wendel, do Presidente da C\u00e2mara de Vereadores Aelson Matos (Calango) e dos secret\u00e1rios municipais Turista e Cl\u00e1udio. O mestre de cerim\u00f4nias Roberto Lima deu boas vindas a todos, e convidou autoridades presentes para forma\u00e7\u00e3o da mesa.<\/p>\n<p><a href=\"http:\/\/www.maisbn.com\/portal\/wp-content\/uploads\/2018\/11\/mosaico_cmcda.jpg\"><img loading=\"lazy\" decoding=\"async\" class=\"aligncenter wp-image-20278\" src=\"http:\/\/www.maisbn.com\/portal\/wp-content\/uploads\/2018\/11\/mosaico_cmcda.jpg\" alt=\"mosaico_cmcda\" width=\"600\" height=\"386\" \/><\/a><\/p>\n<p class=\"western\" align=\"JUSTIFY\"><span style=\"font-family: Arial, sans-serif;\"><span style=\"font-size: medium;\"><span style=\"color: #333333;\">O evento teve sua abertura oficial feita pelo presidente do CMDCA Fl\u00e1vio Ursulano, que ainda contou com a execu\u00e7\u00e3o do Hino Nacional atrav\u00e9s de um grupo de flautistas formado por crian\u00e7as atendidas pela ONG Lar da Menina. Em seguida, o p\u00fablico presente contou com a palestra da assistente social Rita C\u00e1ssia Santana. A parte da manh\u00e3 foi encerrada pelas crian\u00e7as e adolescentes do Circo do CRAS (Centro de Refer\u00eancia de Assist\u00eancia Social).\u00a0<\/span><\/span><\/span><span style=\"font-family: Arial, sans-serif;\"><span style=\"font-size: medium;\"><span style=\"color: #333333;\">Prefeito Janival Borges tamb\u00e9m fez uso da palavra, desejou boas vindas e parabenizou a todos pelo envolvimento no evento. <strong><em>&#8220;Os trabalhos v\u00e3o ser extensos e tenho certeza que todos estar\u00e3o contribuindo muito para o sucesso dessa confer\u00eancia.&#8221; <\/em><\/strong>&#8211; Informou o gestor municipal.<\/span> <\/span><\/span><\/p>\n<p><a href=\"http:\/\/www.maisbn.com\/portal\/wp-content\/uploads\/2018\/11\/mosaico_cmcda2.jpg\"><img loading=\"lazy\" decoding=\"async\" class=\"aligncenter wp-image-20279\" src=\"http:\/\/www.maisbn.com\/portal\/wp-content\/uploads\/2018\/11\/mosaico_cmcda2.jpg\" alt=\"mosaico_cmcda2\" width=\"600\" height=\"386\" \/><\/a><\/p>\n<p>O Vereador e Presidente da C\u00e2mara, Aelson Matos (Calango), conversou com nossa equipe e reafirmou que todos os vereadores est\u00e3o dispostos a votar os projetos necess\u00e1rios para implementar as a\u00e7\u00f5es deliberadas na confer\u00eancia e ressaltou que o cuidado com as crian\u00e7as e jovens \u00e9 primordial porque os mesmos representam o futuro da cidade e s\u00e3o eles que ditar\u00e3o no futuro os rumos da comunidade belmontense.<\/p>\n<p><a href=\"http:\/\/www.maisbn.com\/portal\/wp-content\/uploads\/2018\/11\/mosaico_cmcda3.jpg\"><img loading=\"lazy\" decoding=\"async\" class=\"aligncenter wp-image-20280\" src=\"http:\/\/www.maisbn.com\/portal\/wp-content\/uploads\/2018\/11\/mosaico_cmcda3.jpg\" alt=\"mosaico_cmcda3\" width=\"600\" height=\"386\" \/><\/a><\/p>\n<p class=\"western\" align=\"JUSTIFY\">No turno vespertino, logo ap\u00f3s a apresenta\u00e7\u00e3o do grupo de crian\u00e7as e adolescentes da fanfarra BANCRAS, os participantes da confer\u00eancia se dividiram em grupos de discuss\u00f5es, onde foram debatidos v\u00e1rios temas relacionados \u00e0s pol\u00edticas p\u00fablicas integradas de a\u00e7\u00e3o social, preven\u00e7\u00e3o e enfrentamento da viol\u00eancia contra as crian\u00e7as e adolescentes, Financiamento das pol\u00edticas para as crian\u00e7as e adolescentes e participa\u00e7\u00e3o, comunica\u00e7\u00e3o social e protagonismo de crian\u00e7as e adolescentes. Ap\u00f3s os trabalhos de discuss\u00e3o das propostas dos grupos e da elei\u00e7\u00e3o dos delegados para a Confer\u00eancia Estadual, o evento foi finalizado com um delicioso Coffe Break oferecido a todos.<\/p>\n<p>&nbsp;<\/p>\n","protected":false},"excerpt":{"rendered":"<p>O Conselho Municipal dos Direitos da Crian\u00e7a e do Adolescente (CMDCA) no \u00faltimo dia 26\/10, no audit\u00f3rio da Col\u00f4nia de Pescadores Z-21, a 3\u00aa Confer\u00eancia Municipal dos Direitos da Crian\u00e7a e do Adolescente com o tema \u201cProte\u00e7\u00e3o Integral, Diversidades e Enfrentamento da Viol\u00eancia\u201d. Com a presen\u00e7a de crian\u00e7as, adolescentes, representantes de \u00f3rg\u00e3os e institui\u00e7\u00f5es, o [&hellip;]<\/p>\n","protected":false},"author":7,"featured_media":20281,"comment_status":"open","ping_status":"open","sticky":false,"template":"","format":"standard","meta":{"footnotes":""},"categories":[1,16],"tags":[108],"class_list":["post-20276","post","type-post","status-publish","format-standard","has-post-thumbnail","hentry","category-noticias","category-policial","tag-belmonte"],"_links":{"self":[{"href":"https:\/\/www.maisbn.com\/portal\/wp-json\/wp\/v2\/posts\/20276","targetHints":{"allow":["GET"]}}],"collection":[{"href":"https:\/\/www.maisbn.com\/portal\/wp-json\/wp\/v2\/posts"}],"about":[{"href":"https:\/\/www.maisbn.com\/portal\/wp-json\/wp\/v2\/types\/post"}],"author":[{"embeddable":true,"href":"https:\/\/www.maisbn.com\/portal\/wp-json\/wp\/v2\/users\/7"}],"replies":[{"embeddable":true,"href":"https:\/\/www.maisbn.com\/portal\/wp-json\/wp\/v2\/comments?post=20276"}],"version-history":[{"count":6,"href":"https:\/\/www.maisbn.com\/portal\/wp-json\/wp\/v2\/posts\/20276\/revisions"}],"predecessor-version":[{"id":20290,"href":"https:\/\/www.maisbn.com\/portal\/wp-json\/wp\/v2\/posts\/20276\/revisions\/20290"}],"wp:featuredmedia":[{"embeddable":true,"href":"https:\/\/www.maisbn.com\/portal\/wp-json\/wp\/v2\/media\/20281"}],"wp:attachment":[{"href":"https:\/\/www.maisbn.com\/portal\/wp-json\/wp\/v2\/media?parent=20276"}],"wp:term":[{"taxonomy":"category","embeddable":true,"href":"https:\/\/www.maisbn.com\/portal\/wp-json\/wp\/v2\/categories?post=20276"},{"taxonomy":"post_tag","embeddable":true,"href":"https:\/\/www.maisbn.com\/portal\/wp-json\/wp\/v2\/tags?post=20276"}],"curies":[{"name":"wp","href":"https:\/\/api.w.org\/{rel}","templated":true}]}}