{"id":20263,"date":"2018-10-31T13:43:32","date_gmt":"2018-10-31T16:43:32","guid":{"rendered":"http:\/\/www.maisbn.com\/portal\/?p=20263"},"modified":"2018-10-31T13:49:10","modified_gmt":"2018-10-31T16:49:10","slug":"policia-prende-acusado-de-participacao-no-arrombamento-e-furto-do-cras-de-belmonte","status":"publish","type":"post","link":"https:\/\/www.maisbn.com\/portal\/2018\/10\/policia-prende-acusado-de-participacao-no-arrombamento-e-furto-do-cras-de-belmonte\/","title":{"rendered":"Pol\u00edcia prende acusado de participa\u00e7\u00e3o no arrombamento e furto do CRAS de Belmonte."},"content":{"rendered":"<p><a href=\"http:\/\/www.maisbn.com\/portal\/wp-content\/uploads\/2018\/10\/Furto_cras.jpg\"><img loading=\"lazy\" decoding=\"async\" class=\"aligncenter wp-image-20264\" src=\"http:\/\/www.maisbn.com\/portal\/wp-content\/uploads\/2018\/10\/Furto_cras-1000x486.jpg\" alt=\"Furto_cras\" width=\"603\" height=\"293\" srcset=\"https:\/\/www.maisbn.com\/portal\/wp-content\/uploads\/2018\/10\/Furto_cras-1000x486.jpg 1000w, https:\/\/www.maisbn.com\/portal\/wp-content\/uploads\/2018\/10\/Furto_cras.jpg 1280w\" sizes=\"auto, (max-width: 603px) 100vw, 603px\" \/><\/a><\/p>\n<p>A Pol\u00edcia Civil em Belmonte informou nessa quarta-feira (31\/10) que conseguiu prender um dos acusados de arrombar a sede do Centro de Refer\u00eancia de Assist\u00eancia Social de Belmonte (CRAS). Fl\u00e1vio Santos Costa Filho (22 anos) foi preso em uma opera\u00e7\u00e3o bem sucedida realizada por agentes da Delegacia Territorial de Belmonte, sob o comando e investiga\u00e7\u00e3o do Delegado Dr. Wendel Ferreira.\u00a0Em um dos c\u00f4modos da resid\u00eancia do acusado, localizada no Bairro Bom Jardim, foram encontradas diversas CPU&#8217;s, monitores, Hd&#8217;s, mouses, teclados, estabilizadores e roteadores. Nas m\u00e1quinas continham dados do Programa Bolsa Fam\u00edlia.<\/p>\n<p>O furto em quest\u00e3o aconteceu na madrugada do \u00faltimo dia 26\/10, onde bandidos arrombaram o pr\u00e9dio do CRAS e levaram os computadores e diversos aparelhos da sala de processamento dos benef\u00edcios do Bolsa Fam\u00edlia. Nas m\u00e1quinas levadas pelos criminosos constavam os dados cadastrais dos benefici\u00e1rios do programa.<\/p>\n<p>&nbsp;<\/p>\n","protected":false},"excerpt":{"rendered":"<p>A Pol\u00edcia Civil em Belmonte informou nessa quarta-feira (31\/10) que conseguiu prender um dos acusados de arrombar a sede do Centro de Refer\u00eancia de Assist\u00eancia Social de Belmonte (CRAS). Fl\u00e1vio Santos Costa Filho (22 anos) foi preso em uma opera\u00e7\u00e3o bem sucedida realizada por agentes da Delegacia Territorial de Belmonte, sob o comando e investiga\u00e7\u00e3o [&hellip;]<\/p>\n","protected":false},"author":7,"featured_media":20264,"comment_status":"open","ping_status":"open","sticky":false,"template":"","format":"standard","meta":{"footnotes":""},"categories":[1,16],"tags":[108],"class_list":["post-20263","post","type-post","status-publish","format-standard","has-post-thumbnail","hentry","category-noticias","category-policial","tag-belmonte"],"_links":{"self":[{"href":"https:\/\/www.maisbn.com\/portal\/wp-json\/wp\/v2\/posts\/20263","targetHints":{"allow":["GET"]}}],"collection":[{"href":"https:\/\/www.maisbn.com\/portal\/wp-json\/wp\/v2\/posts"}],"about":[{"href":"https:\/\/www.maisbn.com\/portal\/wp-json\/wp\/v2\/types\/post"}],"author":[{"embeddable":true,"href":"https:\/\/www.maisbn.com\/portal\/wp-json\/wp\/v2\/users\/7"}],"replies":[{"embeddable":true,"href":"https:\/\/www.maisbn.com\/portal\/wp-json\/wp\/v2\/comments?post=20263"}],"version-history":[{"count":3,"href":"https:\/\/www.maisbn.com\/portal\/wp-json\/wp\/v2\/posts\/20263\/revisions"}],"predecessor-version":[{"id":20267,"href":"https:\/\/www.maisbn.com\/portal\/wp-json\/wp\/v2\/posts\/20263\/revisions\/20267"}],"wp:featuredmedia":[{"embeddable":true,"href":"https:\/\/www.maisbn.com\/portal\/wp-json\/wp\/v2\/media\/20264"}],"wp:attachment":[{"href":"https:\/\/www.maisbn.com\/portal\/wp-json\/wp\/v2\/media?parent=20263"}],"wp:term":[{"taxonomy":"category","embeddable":true,"href":"https:\/\/www.maisbn.com\/portal\/wp-json\/wp\/v2\/categories?post=20263"},{"taxonomy":"post_tag","embeddable":true,"href":"https:\/\/www.maisbn.com\/portal\/wp-json\/wp\/v2\/tags?post=20263"}],"curies":[{"name":"wp","href":"https:\/\/api.w.org\/{rel}","templated":true}]}}