{"id":20260,"date":"2018-10-31T12:47:04","date_gmt":"2018-10-31T15:47:04","guid":{"rendered":"http:\/\/www.maisbn.com\/portal\/?p=20260"},"modified":"2018-10-31T12:47:04","modified_gmt":"2018-10-31T15:47:04","slug":"greve-dos-professores-chega-ao-final-em-belmonte-e-dias-parados-serao-repostos-pela-categoria","status":"publish","type":"post","link":"https:\/\/www.maisbn.com\/portal\/2018\/10\/greve-dos-professores-chega-ao-final-em-belmonte-e-dias-parados-serao-repostos-pela-categoria\/","title":{"rendered":"Greve dos professores chega ao final em Belmonte e dias parados ser\u00e3o repostos pela categoria."},"content":{"rendered":"<p>&nbsp;<\/p>\n<p><a href=\"http:\/\/www.maisbn.com\/portal\/wp-content\/uploads\/2018\/10\/paralisa\u00e7aoprofessores00002.jpg\"><img loading=\"lazy\" decoding=\"async\" class=\"aligncenter wp-image-20122 size-full\" src=\"http:\/\/www.maisbn.com\/portal\/wp-content\/uploads\/2018\/10\/paralisa\u00e7aoprofessores00002.jpg\" alt=\"\" width=\"642\" height=\"412\" \/><\/a><\/p>\n<p>Os professores da rede municipal de educa\u00e7\u00e3o em Belmonte retornaram \u00e0s salas de aula nessa quarta-feira (31\/10) depois que o Prefeito Janival Borges comunicou o pagamento dos 97 funcion\u00e1rios que ainda n\u00e3o tinham recebido os seus devidos sal\u00e1rios. O Prefeito afirmou em nota que cerca de 90% da folha de pagamento dos funcion\u00e1rios em educa\u00e7\u00e3o j\u00e1 tinham sido honrada e que a categoria n\u00e3o aceitou flexibilizar o movimento grevista para n\u00e3o comprometer a vida escolar dos alunos. <strong><em>&#8220;Restaram apenas 97 funcion\u00e1rios da educa\u00e7\u00e3o do interior para receber em um universo de 745 servidores. Todos os profissionais da sede j\u00e1 haviam sido pagos mas, mesmo com nossos esfor\u00e7os e informando as condi\u00e7\u00f5es financeiras dif\u00edceis, a categoria optou por manter a greve.&#8221;<\/em><\/strong> -Informou a nota.<\/p>\n<p>O Prefeito Janival Borges ainda comunicou \u00e0 categoria que a sua gest\u00e3o n\u00e3o ir\u00e1 descontar os dias n\u00e3o trabalhados da quase totalidade da categoria que j\u00e1 tinham recebido os seus devidos pagamentos.<em><strong>&#8220;O momento agora n\u00e3o \u00e9 de retalia\u00e7\u00f5es. Temos que sentar e resolver esse problema que est\u00e1 afetando o nosso munic\u00edpio. Os repasses federais ca\u00edram e n\u00e3o est\u00e3o cobrindo as despesas. Belmonte \u00e9 uma das cidades da Bahia que mais contribui para a educa\u00e7\u00e3o. Estamos com uma m\u00e9dia de 30% das receitas mensais e, mesmo assim, continuamos sofrendo sem conseguir cobrir despesas com a folha de pagamento.&#8221;<\/strong> <\/em>&#8211; Informou o Prefeito. Finalizando a nota, a gest\u00e3o anunciou que o pr\u00f3ximo pagamento dos funcion\u00e1rios efetivos da educa\u00e7\u00e3o ir\u00e1 acontecer no pr\u00f3ximo dia 09\/11, o que garantiu que a categoria n\u00e3o paralise novamente as aulas, para n\u00e3o comprometer ainda mais o ano letivo da rede municipal.<\/p>\n<p>Nossa equipe conversou ainda nessa manh\u00e3 com o Coordenador da APLB em Belmonte, Igor Suzart, onde o mesmo confirmou a retomada das aulas. Questionado sobre a reposi\u00e7\u00e3o dos dias letivos prejudicados pela greve, o mesmo informou que a categoria est\u00e1 esperando a Secretaria Municipal de Educa\u00e7\u00e3o se pronunciar para negociar uma proposta.<\/p>\n","protected":false},"excerpt":{"rendered":"<p>&nbsp; Os professores da rede municipal de educa\u00e7\u00e3o em Belmonte retornaram \u00e0s salas de aula nessa quarta-feira (31\/10) depois que o Prefeito Janival Borges comunicou o pagamento dos 97 funcion\u00e1rios que ainda n\u00e3o tinham recebido os seus devidos sal\u00e1rios. O Prefeito afirmou em nota que cerca de 90% da folha de pagamento dos funcion\u00e1rios em [&hellip;]<\/p>\n","protected":false},"author":7,"featured_media":20122,"comment_status":"open","ping_status":"open","sticky":false,"template":"","format":"standard","meta":{"footnotes":""},"categories":[8,1],"tags":[108],"class_list":["post-20260","post","type-post","status-publish","format-standard","has-post-thumbnail","hentry","category-educacao","category-noticias","tag-belmonte"],"_links":{"self":[{"href":"https:\/\/www.maisbn.com\/portal\/wp-json\/wp\/v2\/posts\/20260","targetHints":{"allow":["GET"]}}],"collection":[{"href":"https:\/\/www.maisbn.com\/portal\/wp-json\/wp\/v2\/posts"}],"about":[{"href":"https:\/\/www.maisbn.com\/portal\/wp-json\/wp\/v2\/types\/post"}],"author":[{"embeddable":true,"href":"https:\/\/www.maisbn.com\/portal\/wp-json\/wp\/v2\/users\/7"}],"replies":[{"embeddable":true,"href":"https:\/\/www.maisbn.com\/portal\/wp-json\/wp\/v2\/comments?post=20260"}],"version-history":[{"count":2,"href":"https:\/\/www.maisbn.com\/portal\/wp-json\/wp\/v2\/posts\/20260\/revisions"}],"predecessor-version":[{"id":20262,"href":"https:\/\/www.maisbn.com\/portal\/wp-json\/wp\/v2\/posts\/20260\/revisions\/20262"}],"wp:featuredmedia":[{"embeddable":true,"href":"https:\/\/www.maisbn.com\/portal\/wp-json\/wp\/v2\/media\/20122"}],"wp:attachment":[{"href":"https:\/\/www.maisbn.com\/portal\/wp-json\/wp\/v2\/media?parent=20260"}],"wp:term":[{"taxonomy":"category","embeddable":true,"href":"https:\/\/www.maisbn.com\/portal\/wp-json\/wp\/v2\/categories?post=20260"},{"taxonomy":"post_tag","embeddable":true,"href":"https:\/\/www.maisbn.com\/portal\/wp-json\/wp\/v2\/tags?post=20260"}],"curies":[{"name":"wp","href":"https:\/\/api.w.org\/{rel}","templated":true}]}}