{"id":20243,"date":"2018-10-28T12:37:44","date_gmt":"2018-10-28T15:37:44","guid":{"rendered":"http:\/\/www.maisbn.com\/portal\/?p=20243"},"modified":"2018-10-28T12:37:44","modified_gmt":"2018-10-28T15:37:44","slug":"belmonte-lamenta-o-falecimento-de-dona-astre-silva-mae-do-vereador-aelson-matos-calango","status":"publish","type":"post","link":"https:\/\/www.maisbn.com\/portal\/2018\/10\/belmonte-lamenta-o-falecimento-de-dona-astre-silva-mae-do-vereador-aelson-matos-calango\/","title":{"rendered":"Belmonte lamenta o falecimento de Dona Astr\u00ea Silva, m\u00e3e do Vereador Aelson Matos (Calango)."},"content":{"rendered":"<p><a href=\"http:\/\/www.maisbn.com\/portal\/wp-content\/uploads\/2018\/10\/astre_silva.jpg\"><img loading=\"lazy\" decoding=\"async\" class=\"aligncenter size-full wp-image-20244\" src=\"http:\/\/www.maisbn.com\/portal\/wp-content\/uploads\/2018\/10\/astre_silva.jpg\" alt=\"astre_silva\" width=\"607\" height=\"378\" \/><\/a><\/p>\n<p>\u00c9 com doloroso pesar que noticiamos o falecimento da Sr\u00aa Astr\u00ea Silva, m\u00e3e do presidente da C\u00e2mara de Vereadores de Belmonte, Aelson Matos (Calango). Dona Astr\u00ea era conhecida na cidade pelo seu jeito calmo, cordial e conciliador, principal caracter\u00edstica herdada pelo seu filho que se tornou uma das mais importantes lideran\u00e7as pol\u00edticas de Belmonte.<\/p>\n<p>Dona Astr\u00ea tinha 80 anos e veio a falecer de causas naturais por volta das 12:00Hrs desse domingo (28\/10) no Hospital Dr. Jos\u00e9 da Costa Pinto Dantas, em Belmonte. Lideran\u00e7as pol\u00edticas de toda a regi\u00e3o j\u00e1 prestam as condol\u00eancias ao Presidente do Legislativo belmontense. A fam\u00edlia enlutada informou que o vel\u00f3rio ser\u00e1 realizado em resid\u00eancia pr\u00f3pria localizada na Rua Osvaldo Cruz, n\u00ba 229, Centro da cidade, pr\u00f3ximo \u00e0 Loja Silveira Materiais de Constru\u00e7\u00e3o. O sepultamento est\u00e1 marcado para essa segunda-feira (29\/10), \u00e0s 11:00Hrs, no Cemit\u00e9rio Municipal de Belmonte.<\/p>\n","protected":false},"excerpt":{"rendered":"<p>\u00c9 com doloroso pesar que noticiamos o falecimento da Sr\u00aa Astr\u00ea Silva, m\u00e3e do presidente da C\u00e2mara de Vereadores de Belmonte, Aelson Matos (Calango). Dona Astr\u00ea era conhecida na cidade pelo seu jeito calmo, cordial e conciliador, principal caracter\u00edstica herdada pelo seu filho que se tornou uma das mais importantes lideran\u00e7as pol\u00edticas de Belmonte. Dona [&hellip;]<\/p>\n","protected":false},"author":7,"featured_media":20244,"comment_status":"open","ping_status":"open","sticky":false,"template":"","format":"standard","meta":{"footnotes":""},"categories":[45,1],"tags":[108],"class_list":["post-20243","post","type-post","status-publish","format-standard","has-post-thumbnail","hentry","category-cidades","category-noticias","tag-belmonte"],"_links":{"self":[{"href":"https:\/\/www.maisbn.com\/portal\/wp-json\/wp\/v2\/posts\/20243","targetHints":{"allow":["GET"]}}],"collection":[{"href":"https:\/\/www.maisbn.com\/portal\/wp-json\/wp\/v2\/posts"}],"about":[{"href":"https:\/\/www.maisbn.com\/portal\/wp-json\/wp\/v2\/types\/post"}],"author":[{"embeddable":true,"href":"https:\/\/www.maisbn.com\/portal\/wp-json\/wp\/v2\/users\/7"}],"replies":[{"embeddable":true,"href":"https:\/\/www.maisbn.com\/portal\/wp-json\/wp\/v2\/comments?post=20243"}],"version-history":[{"count":1,"href":"https:\/\/www.maisbn.com\/portal\/wp-json\/wp\/v2\/posts\/20243\/revisions"}],"predecessor-version":[{"id":20245,"href":"https:\/\/www.maisbn.com\/portal\/wp-json\/wp\/v2\/posts\/20243\/revisions\/20245"}],"wp:featuredmedia":[{"embeddable":true,"href":"https:\/\/www.maisbn.com\/portal\/wp-json\/wp\/v2\/media\/20244"}],"wp:attachment":[{"href":"https:\/\/www.maisbn.com\/portal\/wp-json\/wp\/v2\/media?parent=20243"}],"wp:term":[{"taxonomy":"category","embeddable":true,"href":"https:\/\/www.maisbn.com\/portal\/wp-json\/wp\/v2\/categories?post=20243"},{"taxonomy":"post_tag","embeddable":true,"href":"https:\/\/www.maisbn.com\/portal\/wp-json\/wp\/v2\/tags?post=20243"}],"curies":[{"name":"wp","href":"https:\/\/api.w.org\/{rel}","templated":true}]}}