{"id":20229,"date":"2018-10-26T12:03:13","date_gmt":"2018-10-26T15:03:13","guid":{"rendered":"http:\/\/www.maisbn.com\/portal\/?p=20229"},"modified":"2018-10-31T14:41:04","modified_gmt":"2018-10-31T17:41:04","slug":"bandidos-invadem-sede-do-cras-e-furtam-computadores-computadores-com-dados-do-bolsa-familia","status":"publish","type":"post","link":"https:\/\/www.maisbn.com\/portal\/2018\/10\/bandidos-invadem-sede-do-cras-e-furtam-computadores-computadores-com-dados-do-bolsa-familia\/","title":{"rendered":"Bandidos invadem sede do CRAS e furtam computadores computadores com dados do Bolsa Fam\u00edlia."},"content":{"rendered":"<p><a href=\"http:\/\/www.maisbn.com\/portal\/wp-content\/uploads\/2018\/10\/WhatsApp-Image-2018-10-26-at-07.31.24.jpeg\"><img loading=\"lazy\" decoding=\"async\" class=\"aligncenter wp-image-20231\" src=\"http:\/\/www.maisbn.com\/portal\/wp-content\/uploads\/2018\/10\/WhatsApp-Image-2018-10-26-at-07.31.24-1000x563.jpeg\" alt=\"WhatsApp Image 2018-10-26 at 07.31.24\" width=\"601\" height=\"338\" srcset=\"https:\/\/www.maisbn.com\/portal\/wp-content\/uploads\/2018\/10\/WhatsApp-Image-2018-10-26-at-07.31.24-1000x563.jpeg 1000w, https:\/\/www.maisbn.com\/portal\/wp-content\/uploads\/2018\/10\/WhatsApp-Image-2018-10-26-at-07.31.24.jpeg 1280w\" sizes=\"auto, (max-width: 601px) 100vw, 601px\" \/><\/a><\/p>\n<p>For\u00e7as policiais buscam informa\u00e7\u00f5es sobre um furto ocorrido na sede do Centro de Refer\u00eancia de Assist\u00eancia Social (CRAS) na madrugada dessa sexta-feira (26\/10). Os ladr\u00f5es acessaram a sala onde funciona o centro de processamento do benef\u00edcio Bolsa Fam\u00edlia da onde foram levados os computadores que guardavam os dados dos benefici\u00e1rios do citado programa social.<\/p>\n<p><a href=\"http:\/\/www.maisbn.com\/portal\/wp-content\/uploads\/2018\/10\/mosaico_furtocras.jpg\"><img loading=\"lazy\" decoding=\"async\" class=\"aligncenter wp-image-20230\" src=\"http:\/\/www.maisbn.com\/portal\/wp-content\/uploads\/2018\/10\/mosaico_furtocras.jpg\" alt=\"mosaico_furtocras\" width=\"600\" height=\"386\" \/><\/a><\/p>\n<p>Ainda n\u00e3o se tem noticias do paradeiro dos criminosos. A Secretaria Municipal de A\u00e7\u00e3o Social tamb\u00e9m n\u00e3o se posicionou sobre o fato e nem informou se o furto poder\u00e1 causar problemas no recebimento dos benefici\u00e1rios do Bolsa Fam\u00edlia em Belmonte.<\/p>\n","protected":false},"excerpt":{"rendered":"<p>For\u00e7as policiais buscam informa\u00e7\u00f5es sobre um furto ocorrido na sede do Centro de Refer\u00eancia de Assist\u00eancia Social (CRAS) na madrugada dessa sexta-feira (26\/10). Os ladr\u00f5es acessaram a sala onde funciona o centro de processamento do benef\u00edcio Bolsa Fam\u00edlia da onde foram levados os computadores que guardavam os dados dos benefici\u00e1rios do citado programa social. Ainda [&hellip;]<\/p>\n","protected":false},"author":7,"featured_media":20231,"comment_status":"open","ping_status":"open","sticky":false,"template":"","format":"standard","meta":{"footnotes":""},"categories":[1,16],"tags":[108],"class_list":["post-20229","post","type-post","status-publish","format-standard","has-post-thumbnail","hentry","category-noticias","category-policial","tag-belmonte"],"_links":{"self":[{"href":"https:\/\/www.maisbn.com\/portal\/wp-json\/wp\/v2\/posts\/20229","targetHints":{"allow":["GET"]}}],"collection":[{"href":"https:\/\/www.maisbn.com\/portal\/wp-json\/wp\/v2\/posts"}],"about":[{"href":"https:\/\/www.maisbn.com\/portal\/wp-json\/wp\/v2\/types\/post"}],"author":[{"embeddable":true,"href":"https:\/\/www.maisbn.com\/portal\/wp-json\/wp\/v2\/users\/7"}],"replies":[{"embeddable":true,"href":"https:\/\/www.maisbn.com\/portal\/wp-json\/wp\/v2\/comments?post=20229"}],"version-history":[{"count":2,"href":"https:\/\/www.maisbn.com\/portal\/wp-json\/wp\/v2\/posts\/20229\/revisions"}],"predecessor-version":[{"id":20268,"href":"https:\/\/www.maisbn.com\/portal\/wp-json\/wp\/v2\/posts\/20229\/revisions\/20268"}],"wp:featuredmedia":[{"embeddable":true,"href":"https:\/\/www.maisbn.com\/portal\/wp-json\/wp\/v2\/media\/20231"}],"wp:attachment":[{"href":"https:\/\/www.maisbn.com\/portal\/wp-json\/wp\/v2\/media?parent=20229"}],"wp:term":[{"taxonomy":"category","embeddable":true,"href":"https:\/\/www.maisbn.com\/portal\/wp-json\/wp\/v2\/categories?post=20229"},{"taxonomy":"post_tag","embeddable":true,"href":"https:\/\/www.maisbn.com\/portal\/wp-json\/wp\/v2\/tags?post=20229"}],"curies":[{"name":"wp","href":"https:\/\/api.w.org\/{rel}","templated":true}]}}