{"id":2020,"date":"2012-12-29T19:07:04","date_gmt":"2012-12-29T21:07:04","guid":{"rendered":"http:\/\/www.maisbn.com\/portal\/?p=2020"},"modified":"2012-12-29T22:08:19","modified_gmt":"2012-12-30T00:08:19","slug":"tenda-eletronica-a-novidade-do-reveillon-de-belmonte-passa-pelos-ultimos-preparativos","status":"publish","type":"post","link":"https:\/\/www.maisbn.com\/portal\/2012\/12\/tenda-eletronica-a-novidade-do-reveillon-de-belmonte-passa-pelos-ultimos-preparativos\/","title":{"rendered":"Tenda Eletr\u00f4nica a novidade do Reveillon de Belmonte passa pelos \u00faltimos preparativos."},"content":{"rendered":"<p><a href=\"http:\/\/www.maisbn.com\/portal\/wp-content\/uploads\/2012\/12\/tendaeletronica.jpg\"><img loading=\"lazy\" decoding=\"async\" class=\"alignleft  wp-image-1915\" alt=\"tendaeletronica\" src=\"http:\/\/www.maisbn.com\/portal\/wp-content\/uploads\/2012\/12\/tendaeletronica.jpg\" width=\"480\" height=\"780\" srcset=\"https:\/\/www.maisbn.com\/portal\/wp-content\/uploads\/2012\/12\/tendaeletronica.jpg 600w, https:\/\/www.maisbn.com\/portal\/wp-content\/uploads\/2012\/12\/tendaeletronica-215x350.jpg 215w, https:\/\/www.maisbn.com\/portal\/wp-content\/uploads\/2012\/12\/tendaeletronica-430x700.jpg 430w, https:\/\/www.maisbn.com\/portal\/wp-content\/uploads\/2012\/12\/tendaeletronica-307x500.jpg 307w\" sizes=\"auto, (max-width: 480px) 100vw, 480px\" \/><\/a>Com o espa\u00e7o preparado, a Tenda Eletr\u00f4nica, novidade do Reveillon deste ano em Belmonte, est\u00e1 passando pelos \u00faltimos retoques para receber a grande multid\u00e3o que participar\u00e1 da festa da Virada.<\/p>\n<p>&nbsp;<\/p>\n<p>A Tenda que ser\u00e1 um espa\u00e7o alternativo para se curtir o Reveillon, j\u00e1 se encontra montada e ornamentada, cheia de efeitos luminosos e um pared\u00e3o de som para impulsionar a batida eletrizante da m\u00fasica eletr\u00f4nica que contar\u00e1 com a apresenta\u00e7\u00e3o de v\u00e1rios DJ\u2019s dentre eles o DJ \u00cdtalo.<\/p>\n<p>&nbsp;<\/p>\n<p>A Tenda funcionar\u00e1 nos dias 29\/12, 3o\/12 e 31\/12 em paralelo a programa\u00e7\u00e3o oficial da Prefeitura Municipal.<\/p>\n<p>&nbsp;<\/p>\n<p>As expectativas s\u00e3o \u00f3timas, espera-se que a \u201cTenda\u201d torne inesquec\u00edvel o Reveillon de muita gente.<\/p>\n","protected":false},"excerpt":{"rendered":"<p>Com o espa\u00e7o preparado, a Tenda Eletr\u00f4nica, novidade do Reveillon deste ano em Belmonte, est\u00e1 passando pelos \u00faltimos retoques para receber a grande multid\u00e3o que participar\u00e1 da festa da Virada. &nbsp; A Tenda que ser\u00e1 um espa\u00e7o alternativo para se curtir o Reveillon, j\u00e1 se encontra montada e ornamentada, cheia de efeitos luminosos e um [&hellip;]<\/p>\n","protected":false},"author":1,"featured_media":0,"comment_status":"closed","ping_status":"open","sticky":false,"template":"","format":"standard","meta":{"footnotes":""},"categories":[45,1],"tags":[314],"class_list":["post-2020","post","type-post","status-publish","format-standard","hentry","category-cidades","category-noticias","tag-reveillon"],"_links":{"self":[{"href":"https:\/\/www.maisbn.com\/portal\/wp-json\/wp\/v2\/posts\/2020","targetHints":{"allow":["GET"]}}],"collection":[{"href":"https:\/\/www.maisbn.com\/portal\/wp-json\/wp\/v2\/posts"}],"about":[{"href":"https:\/\/www.maisbn.com\/portal\/wp-json\/wp\/v2\/types\/post"}],"author":[{"embeddable":true,"href":"https:\/\/www.maisbn.com\/portal\/wp-json\/wp\/v2\/users\/1"}],"replies":[{"embeddable":true,"href":"https:\/\/www.maisbn.com\/portal\/wp-json\/wp\/v2\/comments?post=2020"}],"version-history":[{"count":0,"href":"https:\/\/www.maisbn.com\/portal\/wp-json\/wp\/v2\/posts\/2020\/revisions"}],"wp:attachment":[{"href":"https:\/\/www.maisbn.com\/portal\/wp-json\/wp\/v2\/media?parent=2020"}],"wp:term":[{"taxonomy":"category","embeddable":true,"href":"https:\/\/www.maisbn.com\/portal\/wp-json\/wp\/v2\/categories?post=2020"},{"taxonomy":"post_tag","embeddable":true,"href":"https:\/\/www.maisbn.com\/portal\/wp-json\/wp\/v2\/tags?post=2020"}],"curies":[{"name":"wp","href":"https:\/\/api.w.org\/{rel}","templated":true}]}}