{"id":20114,"date":"2018-10-17T10:44:40","date_gmt":"2018-10-17T13:44:40","guid":{"rendered":"http:\/\/www.maisbn.com\/portal\/?p=20114"},"modified":"2018-10-17T12:05:34","modified_gmt":"2018-10-17T15:05:34","slug":"belmonte-e-veracel-fecham-parceria-pela-protecao-de-criancas-e-adolescentes","status":"publish","type":"post","link":"https:\/\/www.maisbn.com\/portal\/2018\/10\/belmonte-e-veracel-fecham-parceria-pela-protecao-de-criancas-e-adolescentes\/","title":{"rendered":"Belmonte e Veracel fecham parceria pela prote\u00e7\u00e3o de crian\u00e7as e adolescentes."},"content":{"rendered":"<p>Garantir um sistema de prote\u00e7\u00e3o integrado, s\u00f3lido e eficaz no atendimento a crian\u00e7as e adolescentes v\u00edtimas de algum tipo de viol\u00eancia. Com esse objetivo, o projeto La\u00e7os de Prote\u00e7\u00e3o chega ao munic\u00edpio de Belmonte. O termo de ades\u00e3o foi assinado pela prefeitura da cidade, com o apoio da Veracel Celulose a partir da metodologia da Childhood Brasil, nesta segunda-feira (15), na C\u00e2mara de Vereadores.<\/p>\n<p><a href=\"http:\/\/www.maisbn.com\/portal\/wp-content\/uploads\/2018\/10\/veracelpacto00036.jpg\"><img loading=\"lazy\" decoding=\"async\" class=\"aligncenter wp-image-20118\" src=\"http:\/\/www.maisbn.com\/portal\/wp-content\/uploads\/2018\/10\/veracelpacto00036.jpg\" alt=\"veracelpacto00036\" width=\"600\" height=\"385\" \/><\/a><\/p>\n<p>O projeto j\u00e1 est\u00e1 mobilizando agentes do Centro de Refer\u00eancia Especializado de Assist\u00eancia Social (Creas), Centro de Refer\u00eancia de Assist\u00eancia Social (Cras), profissionais da rede de atendimento da Sa\u00fade, Educa\u00e7\u00e3o, Pol\u00edcia Militar, Poder Judici\u00e1rio e Minist\u00e9rio P\u00fablico desde agosto. Essa integra\u00e7\u00e3o interinstitucional visa o desenvolvimento de metodologias para sensibilizar, capacitar os agentes e aprimorar o atendimento na rede de preven\u00e7\u00e3o e prote\u00e7\u00e3o \u00e0 crian\u00e7as e adolescentes v\u00edtimas de viol\u00eancia.<\/p>\n<div><a href=\"http:\/\/www.maisbn.com\/portal\/wp-content\/uploads\/2018\/10\/veracelpacto00016.jpg\"><img loading=\"lazy\" decoding=\"async\" class=\"aligncenter wp-image-20119\" src=\"http:\/\/www.maisbn.com\/portal\/wp-content\/uploads\/2018\/10\/veracelpacto00016.jpg\" alt=\"veracelpacto00016\" width=\"600\" height=\"385\" \/><\/a><\/div>\n<div><\/div>\n<div>\u00a0Para o secret\u00e1rio de Cultura e Turismo de Belmonte, Herculano Assis, as parcerias p\u00fablico &#8211; privado demonstram a maturidade na cultura organizacional da empresa desenvolvendo um verdadeiro legado, social, econ\u00f4mico e cultural. <strong><em>\u201c\u00c9 uma vis\u00e3o human\u00edstica de toda a regi\u00e3o\u201d<\/em> <\/strong>finalizou. Para a especialista em Responsabilidade Social da Veracel, Izabel Bianchi, o projeto \u00e9 uma ferramenta de constru\u00e7\u00e3o de novos m\u00e9todos. <strong><em>\u201cIsso \u00e9 importante para estabelecer uma cultura de prote\u00e7\u00e3o de crian\u00e7as e adolescentes, que possa contribuir para assegurar um desenvolvimento sadio e qualidade de vida\u201d<\/em><\/strong>, destacou Izabel Bianchi. O Presidente da C\u00e2mara de Vereadores,\u00a0 Aelson Matos, muito elogiado pelas autoridades presentes pelo seu empenho na implementa\u00e7\u00e3o desse projeto, colocou em seu discurso que toda a comunidade \u00e9 grata ao trabalho realizado pelas pessoas que atuam no servi\u00e7o social e pelos professores. <em><strong>&#8220;Todos n\u00f3s somos respons\u00e1veis pelo social do nosso munic\u00edpio e digo a voc\u00eas que este presidente e toda essa casa legislativa est\u00e1 \u00e0 disposi\u00e7\u00e3o para apoiar e aprovar toda a iniciativa de implementa\u00e7\u00e3o desse acordo assinado por essa entidades aqui presentes. Vamos investir em nosso povo e aproveitar para trazer bons frutos para a nossa cidade.&#8221;<\/strong><\/em> &#8211; Comentou Aelson Matos (Calango).<\/div>\n<div><\/div>\n<div><a href=\"http:\/\/www.maisbn.com\/portal\/wp-content\/uploads\/2018\/10\/veracelpacto00012.jpg\"><img loading=\"lazy\" decoding=\"async\" class=\"aligncenter wp-image-20120\" src=\"http:\/\/www.maisbn.com\/portal\/wp-content\/uploads\/2018\/10\/veracelpacto00012.jpg\" alt=\"veracelpacto00012\" width=\"600\" height=\"385\" \/><\/a><\/div>\n<div><\/div>\n<div>\n<div><\/div>\n<div>Segundo a coordenadora de programas da Childhood Brasil, Gorete Vasconcelos, a ades\u00e3o do munic\u00edpio de Belmonte ao Projeto, possibilita a articula\u00e7\u00e3o da rede de prote\u00e7\u00e3o e maior aplica\u00e7\u00e3o das leis de prote\u00e7\u00e3o, contribuindo para a redu\u00e7\u00e3o dos \u00edndices de viol\u00eancia. <strong><em>\u201cAs capacita\u00e7\u00f5es t\u00eam propiciado a desconstru\u00e7\u00e3o de muitos equ\u00edvocos das escolas, fam\u00edlias e comunidades no que se refere ao fen\u00f4meno da viol\u00eancia: agentes causadores, causas e consequ\u00eancias\u201d<\/em><\/strong>, destacou.<\/div>\n<div><\/div>\n<div>Para saber mais, acesse:<\/div>\n<div><\/div>\n<div>Childhood:<\/div>\n<div><a class=\"vglnk\" href=\"http:\/\/www.childhood.org.br\/\" rel=\"nofollow\">http:\/\/www.childhood.org.br\/<\/a><\/div>\n<div><\/div>\n<div>Veracel Celulose SA:<\/div>\n<div><a class=\"vglnk\" href=\"http:\/\/dabahiaparaomundo.veracel.com.br\/\" rel=\"nofollow\">http:\/\/dabahiaparaomundo.veracel.com.br\/<\/a><\/div>\n<\/div>\n","protected":false},"excerpt":{"rendered":"<p>Garantir um sistema de prote\u00e7\u00e3o integrado, s\u00f3lido e eficaz no atendimento a crian\u00e7as e adolescentes v\u00edtimas de algum tipo de viol\u00eancia. Com esse objetivo, o projeto La\u00e7os de Prote\u00e7\u00e3o chega ao munic\u00edpio de Belmonte. O termo de ades\u00e3o foi assinado pela prefeitura da cidade, com o apoio da Veracel Celulose a partir da metodologia da [&hellip;]<\/p>\n","protected":false},"author":7,"featured_media":20118,"comment_status":"open","ping_status":"open","sticky":false,"template":"","format":"standard","meta":{"footnotes":""},"categories":[45,1],"tags":[108],"class_list":["post-20114","post","type-post","status-publish","format-standard","has-post-thumbnail","hentry","category-cidades","category-noticias","tag-belmonte"],"_links":{"self":[{"href":"https:\/\/www.maisbn.com\/portal\/wp-json\/wp\/v2\/posts\/20114","targetHints":{"allow":["GET"]}}],"collection":[{"href":"https:\/\/www.maisbn.com\/portal\/wp-json\/wp\/v2\/posts"}],"about":[{"href":"https:\/\/www.maisbn.com\/portal\/wp-json\/wp\/v2\/types\/post"}],"author":[{"embeddable":true,"href":"https:\/\/www.maisbn.com\/portal\/wp-json\/wp\/v2\/users\/7"}],"replies":[{"embeddable":true,"href":"https:\/\/www.maisbn.com\/portal\/wp-json\/wp\/v2\/comments?post=20114"}],"version-history":[{"count":4,"href":"https:\/\/www.maisbn.com\/portal\/wp-json\/wp\/v2\/posts\/20114\/revisions"}],"predecessor-version":[{"id":20127,"href":"https:\/\/www.maisbn.com\/portal\/wp-json\/wp\/v2\/posts\/20114\/revisions\/20127"}],"wp:featuredmedia":[{"embeddable":true,"href":"https:\/\/www.maisbn.com\/portal\/wp-json\/wp\/v2\/media\/20118"}],"wp:attachment":[{"href":"https:\/\/www.maisbn.com\/portal\/wp-json\/wp\/v2\/media?parent=20114"}],"wp:term":[{"taxonomy":"category","embeddable":true,"href":"https:\/\/www.maisbn.com\/portal\/wp-json\/wp\/v2\/categories?post=20114"},{"taxonomy":"post_tag","embeddable":true,"href":"https:\/\/www.maisbn.com\/portal\/wp-json\/wp\/v2\/tags?post=20114"}],"curies":[{"name":"wp","href":"https:\/\/api.w.org\/{rel}","templated":true}]}}