{"id":20111,"date":"2018-10-17T11:34:40","date_gmt":"2018-10-17T14:34:40","guid":{"rendered":"http:\/\/www.maisbn.com\/portal\/?p=20111"},"modified":"2018-10-17T11:34:40","modified_gmt":"2018-10-17T14:34:40","slug":"aplb-realiza-ato-para-protestar-contra-o-atraso-dos-salarios-dos-professores-e-profissionais-da-educacao-de-belmonte","status":"publish","type":"post","link":"https:\/\/www.maisbn.com\/portal\/2018\/10\/aplb-realiza-ato-para-protestar-contra-o-atraso-dos-salarios-dos-professores-e-profissionais-da-educacao-de-belmonte\/","title":{"rendered":"APLB realiza ato para protestar contra o atraso dos sal\u00e1rios dos professores e profissionais da educa\u00e7\u00e3o de Belmonte."},"content":{"rendered":"<p>A APLB-Belmonte, sindicato que representa os professores e profissionais da educa\u00e7\u00e3o na cidade, realizou na manh\u00e3 dessa quarta-feira (17\/10) uma manifesta\u00e7\u00e3o para protestar contra o atraso dos sal\u00e1rios da categoria por parte da administra\u00e7\u00e3o municipal. A concentra\u00e7\u00e3o aconteceu na sede da entidade, localizada na Rua Saldanha da Gama, onde os professores e toda a coordena\u00e7\u00e3o da APLB local se reuniram e sa\u00edram em passeata pelas ruas do centro da cidade at\u00e9 \u00e0 frente do pr\u00e9dio da Prefeitura Municipal de Belmonte onde ocorreu um ato de protesto, onde muitos profissionais se manifestaram revoltados, fizeram um grande c\u00edrculo e deram um abra\u00e7o simb\u00f3lico no pr\u00e9dio da administra\u00e7\u00e3o municipal.<\/p>\n<p><a href=\"http:\/\/www.maisbn.com\/portal\/wp-content\/uploads\/2018\/10\/paralisa\u00e7aoprofessores00002.jpg\"><img loading=\"lazy\" decoding=\"async\" class=\"aligncenter  wp-image-20122\" src=\"http:\/\/www.maisbn.com\/portal\/wp-content\/uploads\/2018\/10\/paralisa\u00e7aoprofessores00002.jpg\" alt=\"paralisa\u00e7aoprofessores00002\" width=\"600\" height=\"385\" \/><\/a><\/p>\n<p>Em conversa com o Vereador Rog\u00e9rio Bahia, um dos diretores da APLB-Belmonte, o mesmo ressaltou que toda a categoria est\u00e1 insatisfeita, j\u00e1 que, o Prefeito Janival Borges n\u00e3o est\u00e1 cumprindo o acordo de se pagar at\u00e9 o 5\u00ba dia \u00fatil. <strong><em>&#8220;A Prefeitura teria que pagar no primeiro dia do m\u00eas porque n\u00e3o somos funcion\u00e1rios celetistas. Mesmo com essa boa vontade que demonstramos o Prefeito n\u00e3o cumpriu a promessa e estamos, at\u00e9 o momento, sem receber os nossos pagamentos.&#8221;\u00a0\u00a0<\/em><\/strong>Ainda em conversa com nossa equipe, o vereador e sindicalista informou que a categoria decidiu derrubar o acordo do 5\u00ba dia \u00fatil e deliberou em assembleia que os profissionais da educa\u00e7\u00e3o ter\u00e3o que receber no primeiro dia \u00fatil do m\u00eas. <strong><em>&#8220;Tamb\u00e9m n\u00e3o faremos mais paralisa\u00e7\u00f5es de alerta. Estaremos entrando em greve automaticamente se os pagamentos n\u00e3o estiverem nas contas dos profissionais no primeiro dia \u00fatil.&#8221; <\/em><\/strong>&#8211; Finalizou Rog\u00e9rio Bahia.<\/p>\n<p><a href=\"http:\/\/www.maisbn.com\/portal\/wp-content\/uploads\/2018\/10\/mosaico_manifestacaoprofessores.jpg\"><img loading=\"lazy\" decoding=\"async\" class=\"aligncenter  wp-image-20123\" src=\"http:\/\/www.maisbn.com\/portal\/wp-content\/uploads\/2018\/10\/mosaico_manifestacaoprofessores.jpg\" alt=\"mosaico_manifestacaoprofessores\" width=\"600\" height=\"386\" \/><\/a><\/p>\n<p>O +BN entrou em contato com a Secretaria Municipal de Finan\u00e7as, onde o Secret\u00e1rio Alexandre Haeter confirmou o atraso no pagamento dos profissionais da educa\u00e7\u00e3o e colocou que o problema aconteceu por causa das quedas nos repasses de verba para o munic\u00edpio. <strong><em>&#8220;Do in\u00edcio do ano at\u00e9 agosto n\u00e3o houve atraso porque o Fundo de Participa\u00e7\u00e3o dos Munic\u00edpios entra nas contas da Prefeitura em um valor que d\u00e1 para complementar as verbas do FUNDEB. Agosto, setembro e outubro figuram como os meses mais fracos de repasses todos os anos e esse problema, para um munic\u00edpio que depende quase que exclusivamente de repasses, \u00e9 horr\u00edvel. Para minimizar os efeitos dessa situa\u00e7\u00e3o, ter\u00edamos que fazer uma reserva, mas o exerc\u00edcio financeiro desse ano n\u00e3o nos permitiu. Agora estamos otimizando as nossas despesas para que no ano que vem consigamos ter recursos dispon\u00edveis para esses per\u00edodos do ano.&#8221;\u00a0 <\/em><\/strong>&#8211;<strong><em>\u00a0<\/em><\/strong>Colocou o Secret\u00e1rio.<\/p>\n<p><a href=\"http:\/\/www.maisbn.com\/portal\/wp-content\/uploads\/2018\/10\/paralisa\u00e7aoprofessores00038.jpg\"><img loading=\"lazy\" decoding=\"async\" class=\"aligncenter  wp-image-20124\" src=\"http:\/\/www.maisbn.com\/portal\/wp-content\/uploads\/2018\/10\/paralisa\u00e7aoprofessores00038.jpg\" alt=\"paralisa\u00e7aoprofessores00038\" width=\"600\" height=\"385\" \/><\/a><\/p>\n<p>Nossa equipe ainda perguntou sobre o posicionamento dos profissionais de educa\u00e7\u00e3o quanto \u00e0 exig\u00eancia do pagamento dos sal\u00e1rios no primeiro dia e n\u00e3o mais no quinto dia \u00fatil. Alexandre informou que a quest\u00e3o do quinto dia \u00fatil j\u00e1 foi pacificada juridicamente e que espera uma nova rodada de negocia\u00e7\u00f5es entre as partes para que se chegue a uma alternativa que atenda aos anseios da categoria sem comprometer as contas do munic\u00edpio.<\/p>\n","protected":false},"excerpt":{"rendered":"<p>A APLB-Belmonte, sindicato que representa os professores e profissionais da educa\u00e7\u00e3o na cidade, realizou na manh\u00e3 dessa quarta-feira (17\/10) uma manifesta\u00e7\u00e3o para protestar contra o atraso dos sal\u00e1rios da categoria por parte da administra\u00e7\u00e3o municipal. A concentra\u00e7\u00e3o aconteceu na sede da entidade, localizada na Rua Saldanha da Gama, onde os professores e toda a coordena\u00e7\u00e3o [&hellip;]<\/p>\n","protected":false},"author":7,"featured_media":20123,"comment_status":"open","ping_status":"open","sticky":false,"template":"","format":"standard","meta":{"footnotes":""},"categories":[45,1],"tags":[108],"class_list":["post-20111","post","type-post","status-publish","format-standard","has-post-thumbnail","hentry","category-cidades","category-noticias","tag-belmonte"],"_links":{"self":[{"href":"https:\/\/www.maisbn.com\/portal\/wp-json\/wp\/v2\/posts\/20111","targetHints":{"allow":["GET"]}}],"collection":[{"href":"https:\/\/www.maisbn.com\/portal\/wp-json\/wp\/v2\/posts"}],"about":[{"href":"https:\/\/www.maisbn.com\/portal\/wp-json\/wp\/v2\/types\/post"}],"author":[{"embeddable":true,"href":"https:\/\/www.maisbn.com\/portal\/wp-json\/wp\/v2\/users\/7"}],"replies":[{"embeddable":true,"href":"https:\/\/www.maisbn.com\/portal\/wp-json\/wp\/v2\/comments?post=20111"}],"version-history":[{"count":4,"href":"https:\/\/www.maisbn.com\/portal\/wp-json\/wp\/v2\/posts\/20111\/revisions"}],"predecessor-version":[{"id":20125,"href":"https:\/\/www.maisbn.com\/portal\/wp-json\/wp\/v2\/posts\/20111\/revisions\/20125"}],"wp:featuredmedia":[{"embeddable":true,"href":"https:\/\/www.maisbn.com\/portal\/wp-json\/wp\/v2\/media\/20123"}],"wp:attachment":[{"href":"https:\/\/www.maisbn.com\/portal\/wp-json\/wp\/v2\/media?parent=20111"}],"wp:term":[{"taxonomy":"category","embeddable":true,"href":"https:\/\/www.maisbn.com\/portal\/wp-json\/wp\/v2\/categories?post=20111"},{"taxonomy":"post_tag","embeddable":true,"href":"https:\/\/www.maisbn.com\/portal\/wp-json\/wp\/v2\/tags?post=20111"}],"curies":[{"name":"wp","href":"https:\/\/api.w.org\/{rel}","templated":true}]}}