{"id":1999,"date":"2012-12-29T13:32:14","date_gmt":"2012-12-29T15:32:14","guid":{"rendered":"http:\/\/www.maisbn.com\/portal\/?p=1999"},"modified":"2012-12-29T13:32:14","modified_gmt":"2012-12-29T15:32:14","slug":"aumento-do-salario-minimo-custara-r-123-bilhoes-aos-cofres-da-previdencia","status":"publish","type":"post","link":"https:\/\/www.maisbn.com\/portal\/2012\/12\/aumento-do-salario-minimo-custara-r-123-bilhoes-aos-cofres-da-previdencia\/","title":{"rendered":"Aumento do sal\u00e1rio m\u00ednimo custar\u00e1 R$ 12,3 bilh\u00f5es aos cofres da Previd\u00eancia."},"content":{"rendered":"<p><a href=\"http:\/\/www.maisbn.com\/portal\/wp-content\/uploads\/2012\/12\/porquinho.jpg\"><img loading=\"lazy\" decoding=\"async\" class=\"size-full wp-image-2000 aligncenter\" alt=\"porquinho\" src=\"http:\/\/www.maisbn.com\/portal\/wp-content\/uploads\/2012\/12\/porquinho.jpg\" width=\"380\" height=\"280\" \/><\/a><\/p>\n<p>O novo sal\u00e1rio m\u00ednimo para R$ 678 a partir de ter\u00e7a-feria (1\u00ba) dever\u00e1 ter impacto anual de R$ 12,3 bilh\u00f5es sobre as contas da Previd\u00eancia. Na \u00faltima quarta-feira (26), foi publicado no Di\u00e1rio Oficial da Uni\u00e3o o decreto que aumentou o m\u00ednimo em R$ 56. O novo valor foi anunciado pela ministra-chefe da Casa Civil, Gleisi Hoffman, \u00a0no dia 24 de dezembro, v\u00e9spera de Natal.\u00a0O impacto sobre a Previd\u00eancia ocorre porque os benef\u00edcios pagos aos trabalhadores, tanto previdenci\u00e1rios quanto acident\u00e1rios ou assistenciais, s\u00e3o atrelados ao sal\u00e1rio m\u00ednimo. Em outubro, foram pagos pela Previd\u00eancia quase 30 milh\u00f5es de benef\u00edcios, cujo valor m\u00e9dio foi R$ 937.\u00a0A Confedera\u00e7\u00e3o Nacional dos Munic\u00edpios (CNM) estima que, s\u00f3 nas prefeituras, o aumento do m\u00ednimo gere impacto de R$ 1,88 bilh\u00e3o.<\/p>\n","protected":false},"excerpt":{"rendered":"<p>O novo sal\u00e1rio m\u00ednimo para R$ 678 a partir de ter\u00e7a-feria (1\u00ba) dever\u00e1 ter impacto anual de R$ 12,3 bilh\u00f5es sobre as contas da Previd\u00eancia. Na \u00faltima quarta-feira (26), foi publicado no Di\u00e1rio Oficial da Uni\u00e3o o decreto que aumentou o m\u00ednimo em R$ 56. O novo valor foi anunciado pela ministra-chefe da Casa Civil, [&hellip;]<\/p>\n","protected":false},"author":7,"featured_media":0,"comment_status":"closed","ping_status":"open","sticky":false,"template":"","format":"standard","meta":{"footnotes":""},"categories":[29],"tags":[217,312],"class_list":["post-1999","post","type-post","status-publish","format-standard","hentry","category-empreendimentos","tag-previdencia-social","tag-salario-minimo"],"_links":{"self":[{"href":"https:\/\/www.maisbn.com\/portal\/wp-json\/wp\/v2\/posts\/1999","targetHints":{"allow":["GET"]}}],"collection":[{"href":"https:\/\/www.maisbn.com\/portal\/wp-json\/wp\/v2\/posts"}],"about":[{"href":"https:\/\/www.maisbn.com\/portal\/wp-json\/wp\/v2\/types\/post"}],"author":[{"embeddable":true,"href":"https:\/\/www.maisbn.com\/portal\/wp-json\/wp\/v2\/users\/7"}],"replies":[{"embeddable":true,"href":"https:\/\/www.maisbn.com\/portal\/wp-json\/wp\/v2\/comments?post=1999"}],"version-history":[{"count":0,"href":"https:\/\/www.maisbn.com\/portal\/wp-json\/wp\/v2\/posts\/1999\/revisions"}],"wp:attachment":[{"href":"https:\/\/www.maisbn.com\/portal\/wp-json\/wp\/v2\/media?parent=1999"}],"wp:term":[{"taxonomy":"category","embeddable":true,"href":"https:\/\/www.maisbn.com\/portal\/wp-json\/wp\/v2\/categories?post=1999"},{"taxonomy":"post_tag","embeddable":true,"href":"https:\/\/www.maisbn.com\/portal\/wp-json\/wp\/v2\/tags?post=1999"}],"curies":[{"name":"wp","href":"https:\/\/api.w.org\/{rel}","templated":true}]}}