{"id":19989,"date":"2018-10-05T10:51:37","date_gmt":"2018-10-05T13:51:37","guid":{"rendered":"http:\/\/www.maisbn.com\/portal\/?p=19989"},"modified":"2018-10-05T10:51:37","modified_gmt":"2018-10-05T13:51:37","slug":"explosao-da-caixa-economica-em-belmonte-danifica-estrutura-da-biblioteca-municipal","status":"publish","type":"post","link":"https:\/\/www.maisbn.com\/portal\/2018\/10\/explosao-da-caixa-economica-em-belmonte-danifica-estrutura-da-biblioteca-municipal\/","title":{"rendered":"Explos\u00e3o da Caixa Econ\u00f4mica em Belmonte danifica estrutura da Biblioteca Municipal."},"content":{"rendered":"<p><a href=\"http:\/\/www.maisbn.com\/portal\/wp-content\/uploads\/2018\/10\/mosaico_biblioteca_explosao.jpg\"><img loading=\"lazy\" decoding=\"async\" class=\"aligncenter  wp-image-19990\" src=\"http:\/\/www.maisbn.com\/portal\/wp-content\/uploads\/2018\/10\/mosaico_biblioteca_explosao.jpg\" alt=\"mosaico_biblioteca_explosao\" width=\"600\" height=\"386\" \/><\/a><\/p>\n<p>A explos\u00e3o causada por criminosos no assalto \u00e0 Caixa Econ\u00f4mica Federal que aconteceu na madrugada dessa sexta-feira (05\/10) danificou a estrutura do anexo onde funcionava a Biblioteca Municipal Sos\u00edgenes Costa. A assessoria de comunica\u00e7\u00e3o da Prefeitura de Belmonte informou que o pr\u00e9dio estava na fase final de reforma e que a explos\u00e3o danificou o teto, paredes e forro, quebrou vidra\u00e7as e m\u00f3veis. A gest\u00e3o municipal informou que, diante do estrago, decidiu interditar o local at\u00e9 que seja avaliado o risco de desabamento.<\/p>\n<p><a href=\"http:\/\/www.maisbn.com\/portal\/wp-content\/uploads\/2018\/10\/mosaico_biblioteca_explosao2.jpg\"><img loading=\"lazy\" decoding=\"async\" class=\"aligncenter  wp-image-19991\" src=\"http:\/\/www.maisbn.com\/portal\/wp-content\/uploads\/2018\/10\/mosaico_biblioteca_explosao2.jpg\" alt=\"mosaico_biblioteca_explosao2\" width=\"600\" height=\"386\" \/><\/a><\/p>\n<p>A Prefeitura de Belmonte ainda afirmou que o acervo n\u00e3o sofreu danos porque estava acondicionado com todos os cuidados por causa da reforma. A assessoria informou em nota que t\u00e9cnicos da Prefeitura est\u00e1 avaliando os danos causados e que estuda acionar judicialmente o estado e o Governo Federal com o objetivo de reparar o dano causado ao patrim\u00f4nio municipal.<\/p>\n","protected":false},"excerpt":{"rendered":"<p>A explos\u00e3o causada por criminosos no assalto \u00e0 Caixa Econ\u00f4mica Federal que aconteceu na madrugada dessa sexta-feira (05\/10) danificou a estrutura do anexo onde funcionava a Biblioteca Municipal Sos\u00edgenes Costa. A assessoria de comunica\u00e7\u00e3o da Prefeitura de Belmonte informou que o pr\u00e9dio estava na fase final de reforma e que a explos\u00e3o danificou o teto, [&hellip;]<\/p>\n","protected":false},"author":7,"featured_media":19991,"comment_status":"open","ping_status":"open","sticky":false,"template":"","format":"standard","meta":{"footnotes":""},"categories":[45,1],"tags":[108],"class_list":["post-19989","post","type-post","status-publish","format-standard","has-post-thumbnail","hentry","category-cidades","category-noticias","tag-belmonte"],"_links":{"self":[{"href":"https:\/\/www.maisbn.com\/portal\/wp-json\/wp\/v2\/posts\/19989","targetHints":{"allow":["GET"]}}],"collection":[{"href":"https:\/\/www.maisbn.com\/portal\/wp-json\/wp\/v2\/posts"}],"about":[{"href":"https:\/\/www.maisbn.com\/portal\/wp-json\/wp\/v2\/types\/post"}],"author":[{"embeddable":true,"href":"https:\/\/www.maisbn.com\/portal\/wp-json\/wp\/v2\/users\/7"}],"replies":[{"embeddable":true,"href":"https:\/\/www.maisbn.com\/portal\/wp-json\/wp\/v2\/comments?post=19989"}],"version-history":[{"count":1,"href":"https:\/\/www.maisbn.com\/portal\/wp-json\/wp\/v2\/posts\/19989\/revisions"}],"predecessor-version":[{"id":19992,"href":"https:\/\/www.maisbn.com\/portal\/wp-json\/wp\/v2\/posts\/19989\/revisions\/19992"}],"wp:featuredmedia":[{"embeddable":true,"href":"https:\/\/www.maisbn.com\/portal\/wp-json\/wp\/v2\/media\/19991"}],"wp:attachment":[{"href":"https:\/\/www.maisbn.com\/portal\/wp-json\/wp\/v2\/media?parent=19989"}],"wp:term":[{"taxonomy":"category","embeddable":true,"href":"https:\/\/www.maisbn.com\/portal\/wp-json\/wp\/v2\/categories?post=19989"},{"taxonomy":"post_tag","embeddable":true,"href":"https:\/\/www.maisbn.com\/portal\/wp-json\/wp\/v2\/tags?post=19989"}],"curies":[{"name":"wp","href":"https:\/\/api.w.org\/{rel}","templated":true}]}}