{"id":19984,"date":"2018-10-05T20:19:20","date_gmt":"2018-10-05T23:19:20","guid":{"rendered":"http:\/\/www.maisbn.com\/portal\/?p=19984"},"modified":"2018-10-05T20:19:20","modified_gmt":"2018-10-05T23:19:20","slug":"por-indicacao-do-deputado-janio-natal-governo-do-estado-finaliza-recuperacao-da-delegacia-de-belmonte","status":"publish","type":"post","link":"https:\/\/www.maisbn.com\/portal\/2018\/10\/por-indicacao-do-deputado-janio-natal-governo-do-estado-finaliza-recuperacao-da-delegacia-de-belmonte\/","title":{"rendered":"Por indica\u00e7\u00e3o do Deputado J\u00e2nio Natal, Governo do estado finaliza recupera\u00e7\u00e3o da Delegacia de Belmonte."},"content":{"rendered":"<p>Na tarde dessa quinta-feira (04\/10) o Prefeito Janival Borges compareceu na Delegacia Territorial de Belmonte para o ato de finaliza\u00e7\u00e3o da reforma total\u00a0 da sede da unidade policial. A obra foi totalmente realizada pelo Governo do Estado da Bahia atrav\u00e9s de uma indica\u00e7\u00e3o feita pelo Deputado Estadual J\u00e2nio Natal, que vem cobrando insistentemente melhorias para a estrutura de seguran\u00e7a do munic\u00edpio. O pr\u00e9dio onde funciona a Delegacia foi constru\u00eddo na \u00e9poca que o parlamentar era prefeito de Belmonte e, com o passar dos anos e sem manuten\u00e7\u00e3o, a estrutura come\u00e7ou a apresentar problemas de infiltra\u00e7\u00f5es, instala\u00e7\u00e3o el\u00e9tricas, entre outros v\u00e1rios problemas que colocavam em risco os presos e todo o pessoal que trabalha na unidade.<\/p>\n<p><a href=\"http:\/\/www.maisbn.com\/portal\/wp-content\/uploads\/2018\/10\/WhatsApp-Image-2018-10-05-at-10.53.01-AM.jpeg\"><img loading=\"lazy\" decoding=\"async\" class=\"aligncenter wp-image-19997\" src=\"http:\/\/www.maisbn.com\/portal\/wp-content\/uploads\/2018\/10\/WhatsApp-Image-2018-10-05-at-10.53.01-AM-1000x563.jpeg\" alt=\"WhatsApp Image 2018-10-05 at 10.53.01 AM\" width=\"601\" height=\"338\" srcset=\"https:\/\/www.maisbn.com\/portal\/wp-content\/uploads\/2018\/10\/WhatsApp-Image-2018-10-05-at-10.53.01-AM-1000x563.jpeg 1000w, https:\/\/www.maisbn.com\/portal\/wp-content\/uploads\/2018\/10\/WhatsApp-Image-2018-10-05-at-10.53.01-AM.jpeg 1040w\" sizes=\"auto, (max-width: 601px) 100vw, 601px\" \/><\/a><\/p>\n<p>\u00c0 nossa equipe, o Delegado Titular, Dr. Wuendel Ferreira, informou que a obra foi bem vinda, j\u00e1 que, representa mais seguran\u00e7a para a popula\u00e7\u00e3o porque reduz sensivelmente o risco de fugas, trazendo mais comodidade e qualidade ao ambiente de trabalho dos agentes da Pol\u00edcia Civil. O chefe do Setor de Investiga\u00e7\u00e3o, policial civil e Vice-presidente da C\u00e2mara de Vereadores de Belmonte, Alfredo Aberceb, tamb\u00e9m ressaltou a import\u00e2ncia da conquista para a seguran\u00e7a de Belmonte. <strong><em>&#8220;Agradecemos muito ao Governador Rui Costa e ao Deputado Estadual J\u00e2nio Natal por mais essa conquista. Agora contamos com uma estrutura totalmente renovada que nos d\u00e1 melhores condi\u00e7\u00f5es para atuar na seguran\u00e7a p\u00fablica do nosso munic\u00edpio.&#8221;<\/em><\/strong> &#8211; Informou Alfredo.<\/p>\n<p><a href=\"http:\/\/www.maisbn.com\/portal\/wp-content\/uploads\/2018\/10\/reforma_delegacia2.jpg\"><img loading=\"lazy\" decoding=\"async\" class=\"aligncenter wp-image-19996 \" src=\"http:\/\/www.maisbn.com\/portal\/wp-content\/uploads\/2018\/10\/reforma_delegacia2.jpg\" alt=\"\" width=\"604\" height=\"388\" \/><\/a><\/p>\n<p>O Prefeito Janival Borges visitou a unidade policial e conversou com nossa reportagem ressaltando o empenho que o Deputado Estadual J\u00e2nio Natal est\u00e1 tendo para melhorar as condi\u00e7\u00f5es dos policiais que atuam em Belmonte. O gestor belmontense revelou que o pr\u00f3ximo passo agora \u00e9 a constru\u00e7\u00e3o da sede da Pol\u00edcia Militar, que ser\u00e1 fruto de uma parceria fechada entre o 8\u00ba Batalh\u00e3o e a Prefeitura Municipal de Belmonte. &#8220;<strong><em>Essa Delegacia foi constru\u00edda na gest\u00e3o de J\u00e2nio Natal e ficou abandonada por todos esses anos chegando a passar at\u00e9 por per\u00edodos de interdi\u00e7\u00e3o. Essa \u00e9 a resposta que damos aos nossos opositores que falam e criticam, mas quando tiveram a chance de trabalhar pelo nosso povo n\u00e3o fizeram nada e agora se apresentam como salvadores da p\u00e1tria.&#8221;<\/em><\/strong> &#8211; Finalizou Janival.<\/p>\n","protected":false},"excerpt":{"rendered":"<p>Na tarde dessa quinta-feira (04\/10) o Prefeito Janival Borges compareceu na Delegacia Territorial de Belmonte para o ato de finaliza\u00e7\u00e3o da reforma total\u00a0 da sede da unidade policial. A obra foi totalmente realizada pelo Governo do Estado da Bahia atrav\u00e9s de uma indica\u00e7\u00e3o feita pelo Deputado Estadual J\u00e2nio Natal, que vem cobrando insistentemente melhorias para [&hellip;]<\/p>\n","protected":false},"author":7,"featured_media":19986,"comment_status":"open","ping_status":"open","sticky":false,"template":"","format":"standard","meta":{"footnotes":""},"categories":[45,1],"tags":[108],"class_list":["post-19984","post","type-post","status-publish","format-standard","has-post-thumbnail","hentry","category-cidades","category-noticias","tag-belmonte"],"_links":{"self":[{"href":"https:\/\/www.maisbn.com\/portal\/wp-json\/wp\/v2\/posts\/19984","targetHints":{"allow":["GET"]}}],"collection":[{"href":"https:\/\/www.maisbn.com\/portal\/wp-json\/wp\/v2\/posts"}],"about":[{"href":"https:\/\/www.maisbn.com\/portal\/wp-json\/wp\/v2\/types\/post"}],"author":[{"embeddable":true,"href":"https:\/\/www.maisbn.com\/portal\/wp-json\/wp\/v2\/users\/7"}],"replies":[{"embeddable":true,"href":"https:\/\/www.maisbn.com\/portal\/wp-json\/wp\/v2\/comments?post=19984"}],"version-history":[{"count":7,"href":"https:\/\/www.maisbn.com\/portal\/wp-json\/wp\/v2\/posts\/19984\/revisions"}],"predecessor-version":[{"id":19999,"href":"https:\/\/www.maisbn.com\/portal\/wp-json\/wp\/v2\/posts\/19984\/revisions\/19999"}],"wp:featuredmedia":[{"embeddable":true,"href":"https:\/\/www.maisbn.com\/portal\/wp-json\/wp\/v2\/media\/19986"}],"wp:attachment":[{"href":"https:\/\/www.maisbn.com\/portal\/wp-json\/wp\/v2\/media?parent=19984"}],"wp:term":[{"taxonomy":"category","embeddable":true,"href":"https:\/\/www.maisbn.com\/portal\/wp-json\/wp\/v2\/categories?post=19984"},{"taxonomy":"post_tag","embeddable":true,"href":"https:\/\/www.maisbn.com\/portal\/wp-json\/wp\/v2\/tags?post=19984"}],"curies":[{"name":"wp","href":"https:\/\/api.w.org\/{rel}","templated":true}]}}