{"id":19899,"date":"2018-09-25T21:53:51","date_gmt":"2018-09-26T00:53:51","guid":{"rendered":"http:\/\/www.maisbn.com\/portal\/?p=19899"},"modified":"2018-09-25T21:53:51","modified_gmt":"2018-09-26T00:53:51","slug":"vereadores-de-cabralia-seguem-parecer-do-tcm-e-rejeitam-contas-do-prefeito-jorge-pontes","status":"publish","type":"post","link":"https:\/\/www.maisbn.com\/portal\/2018\/09\/vereadores-de-cabralia-seguem-parecer-do-tcm-e-rejeitam-contas-do-prefeito-jorge-pontes\/","title":{"rendered":"Vereadores de Cabr\u00e1lia seguem parecer do TCM e rejeitam contas do Prefeito Jorge Pontes."},"content":{"rendered":"<div><a href=\"http:\/\/www.maisbn.com\/portal\/wp-content\/uploads\/2018\/09\/camara_municipaldecabralia.jpg\"><img loading=\"lazy\" decoding=\"async\" class=\"aligncenter  wp-image-19900\" src=\"http:\/\/www.maisbn.com\/portal\/wp-content\/uploads\/2018\/09\/camara_municipaldecabralia.jpg\" alt=\"camara_municipaldecabralia\" width=\"600\" height=\"421\" \/><\/a><\/div>\n<div><\/div>\n<div>Acompanhando\u00a0 o parecer do Tribunal de Contas dos Munic\u00edpios da Bahia (TCM-BA), a C\u00e2mara Municipal de Santa Cruz Cabr\u00e1lia, \u00a0rejeitou na noite desta ter\u00e7a-feira (25\/09), as contas do ex-prefeito Jorge Pontes. Os vereadores cabralienses aprovaram por 8 votos a favor\u00a0 com 2 absten\u00e7\u00f5es e 1 a favor, o parecer do TCM, que recomendou a rejei\u00e7\u00e3o da presta\u00e7\u00e3o de contas da Prefeitura Municipal de Santa Cruz Cabr\u00e1lia, referente ao exerc\u00edcio de 2015\/2016 , sob a responsabilidade do ex-prefeito,\u00a0 Jorge Monteiro Pontes.<\/div>\n<div><\/div>\n<div>Os vereadores: Romali Pairana, Josu\u00e9 Sampaio, Meu Jovem, Nen\u00e9m\u00a0 Abreu Abreu, Fl\u00e1vio e Humberto &#8211; votaram pela rejei\u00e7\u00e3o, j\u00e1 o vereador Gedehon Teixeira da Cruz(S. de bola), votou contra o parecer do TCM, e os vereadores: Luciano Monteiro e o vereador xepa abstiveram.<\/div>\n<div><\/div>\n<div>Com essa situa\u00e7\u00e3o o ex-prefeito Jorge Pontes se torna ineleg\u00edvel e estar\u00e1 fora das elei\u00e7\u00f5es municipais em 2020. Nem o ex-gestor e ningu\u00e9m ligado a ele comentou sobre o resultado da vota\u00e7\u00e3o.<\/div>\n","protected":false},"excerpt":{"rendered":"<p>Acompanhando\u00a0 o parecer do Tribunal de Contas dos Munic\u00edpios da Bahia (TCM-BA), a C\u00e2mara Municipal de Santa Cruz Cabr\u00e1lia, \u00a0rejeitou na noite desta ter\u00e7a-feira (25\/09), as contas do ex-prefeito Jorge Pontes. Os vereadores cabralienses aprovaram por 8 votos a favor\u00a0 com 2 absten\u00e7\u00f5es e 1 a favor, o parecer do TCM, que recomendou a rejei\u00e7\u00e3o [&hellip;]<\/p>\n","protected":false},"author":7,"featured_media":19900,"comment_status":"open","ping_status":"open","sticky":false,"template":"","format":"standard","meta":{"footnotes":""},"categories":[45,1],"tags":[108],"class_list":["post-19899","post","type-post","status-publish","format-standard","has-post-thumbnail","hentry","category-cidades","category-noticias","tag-belmonte"],"_links":{"self":[{"href":"https:\/\/www.maisbn.com\/portal\/wp-json\/wp\/v2\/posts\/19899","targetHints":{"allow":["GET"]}}],"collection":[{"href":"https:\/\/www.maisbn.com\/portal\/wp-json\/wp\/v2\/posts"}],"about":[{"href":"https:\/\/www.maisbn.com\/portal\/wp-json\/wp\/v2\/types\/post"}],"author":[{"embeddable":true,"href":"https:\/\/www.maisbn.com\/portal\/wp-json\/wp\/v2\/users\/7"}],"replies":[{"embeddable":true,"href":"https:\/\/www.maisbn.com\/portal\/wp-json\/wp\/v2\/comments?post=19899"}],"version-history":[{"count":1,"href":"https:\/\/www.maisbn.com\/portal\/wp-json\/wp\/v2\/posts\/19899\/revisions"}],"predecessor-version":[{"id":19901,"href":"https:\/\/www.maisbn.com\/portal\/wp-json\/wp\/v2\/posts\/19899\/revisions\/19901"}],"wp:featuredmedia":[{"embeddable":true,"href":"https:\/\/www.maisbn.com\/portal\/wp-json\/wp\/v2\/media\/19900"}],"wp:attachment":[{"href":"https:\/\/www.maisbn.com\/portal\/wp-json\/wp\/v2\/media?parent=19899"}],"wp:term":[{"taxonomy":"category","embeddable":true,"href":"https:\/\/www.maisbn.com\/portal\/wp-json\/wp\/v2\/categories?post=19899"},{"taxonomy":"post_tag","embeddable":true,"href":"https:\/\/www.maisbn.com\/portal\/wp-json\/wp\/v2\/tags?post=19899"}],"curies":[{"name":"wp","href":"https:\/\/api.w.org\/{rel}","templated":true}]}}