{"id":19871,"date":"2018-09-23T10:26:33","date_gmt":"2018-09-23T13:26:33","guid":{"rendered":"http:\/\/www.maisbn.com\/portal\/?p=19871"},"modified":"2018-09-24T08:17:40","modified_gmt":"2018-09-24T11:17:40","slug":"a-secretaria-municipal-de-assistencia-social-promoveu-a-semana-estadual-pelo-direito-de-ser-na-primeira-infancia","status":"publish","type":"post","link":"https:\/\/www.maisbn.com\/portal\/2018\/09\/a-secretaria-municipal-de-assistencia-social-promoveu-a-semana-estadual-pelo-direito-de-ser-na-primeira-infancia\/","title":{"rendered":"A Secretaria de Assist\u00eancia Social promoveu a SEMANA ESTADUAL PELO DIREITO DE SER NA PRIMEIRA INF\u00c2NCIA."},"content":{"rendered":"<p>A Secretaria Municipal de Assist\u00eancia Social atrav\u00e9s do CRAS &#8211; Centro de Refer\u00eancia de Assist\u00eancia Social e Programa Primeira Inf\u00e2ncia no SUAS, realizaram do dia 17 ao dia 21 de setembro, a SEMANA ESTADUAL PELO DIREITO DE SER NA PRIMEIRA INF\u00c2NCIA. Foi uma semana de intensos trabalhos de mobiliza\u00e7\u00e3o e capacita\u00e7\u00e3o para t\u00e9cnicos e demais profissionais da rede de garantia de direito das crian\u00e7as de 0 a 6 anos de idade.<\/p>\n<p><a href=\"http:\/\/www.maisbn.com\/portal\/wp-content\/uploads\/2018\/09\/Palestra_0006.jpg\"><img loading=\"lazy\" decoding=\"async\" class=\"aligncenter size-full wp-image-19873\" src=\"http:\/\/www.maisbn.com\/portal\/wp-content\/uploads\/2018\/09\/Palestra_0006.jpg\" alt=\"Palestra_0006\" width=\"650\" height=\"412\" \/><\/a><\/p>\n<p>Estiveram presente no evento: EQUIPE CREAS e os representantes DO CMDCA, CMAS, CONCELHO TUTELAR, SEC. DE SA\u00daDE, SEC. DE EDUCA\u00c7\u00c3O, CAPS, SOCIEDADE C\u00cdVIL, dentre outros. O principal objetivo da a\u00e7\u00e3o foi potencializar e conscientizar ainda mais a popula\u00e7\u00e3o e todos os envolvidos nas atividades. Durante a semana, foi poss\u00edvel perceber o empenho de todos em favor da primeira inf\u00e2ncia, ressaltando que &#8220;n\u00e3o estamos defendendo um programa, a nossa defesa \u00e9 em favor do futuro e investir na primeira inf\u00e2ncia \u00e9 a decis\u00e3o mais acertada de todas\u201d.<\/p>\n<p><a href=\"http:\/\/www.maisbn.com\/portal\/wp-content\/uploads\/2018\/09\/Palestra_0032.jpg\"><img loading=\"lazy\" decoding=\"async\" class=\"aligncenter  wp-image-19874\" src=\"http:\/\/www.maisbn.com\/portal\/wp-content\/uploads\/2018\/09\/Palestra_0032.jpg\" alt=\"Palestra_0032\" width=\"600\" height=\"380\" \/><\/a><\/p>\n<p>O primeiro dia do evento (17\/09) foi marcado com um caf\u00e9 da manh\u00e3 no CRAS com diversos atores das pol\u00edticas p\u00fablicas do munic\u00edpio de Belmonte. Tamb\u00e9m foi ministrada uma palestra por Ra\u00ed Cruz \/ Assistente Social , atualmente supervisora do PIS &#8211; BELMONTE com os temas : O que \u00e9 o Programa Primeira Inf\u00e2ncia no SUAS?\u00a0 &#8211;\u00a0 O direito de ser das Crian\u00e7as.\u00a0 Na oportunidade foi apresentada as principais a\u00e7\u00f5es j\u00e1 realizadas pela assist\u00eancia social voltado para a Primeira Inf\u00e2ncia por meio do programa PIS &#8211; BELMONTE.<\/p>\n<p><a href=\"http:\/\/www.maisbn.com\/portal\/wp-content\/uploads\/2018\/09\/Palestra_0001.jpg\"><img loading=\"lazy\" decoding=\"async\" class=\"aligncenter  wp-image-19880\" src=\"http:\/\/www.maisbn.com\/portal\/wp-content\/uploads\/2018\/09\/Palestra_0001.jpg\" alt=\"Palestra_0001\" width=\"601\" height=\"381\" \/><\/a><\/p>\n<p>No segundo dia do evento (18\/09) foram abordados por Sheila da Escola SUAS os temas: O Desenvolvimento Infantil e as rela\u00e7\u00f5es afetivas \/ O brincar e a psicomotricidade. O terceiro dia do evento (19\/08) foi a continua\u00e7\u00e3o da capacita\u00e7\u00e3o onde Taty da escola do SUAS abordou os temas: Musicaliza\u00e7\u00e3o e o Desenvolvimento Infantil (ludicidade) \/ Musicaliza\u00e7\u00e3o e o Desenvolvimento Infantil ( comunica\u00e7\u00e3o). No\u00a0\u00faltimo dia do evento foram realizadas atividades l\u00fadicas com o Circo Social Direito de Ser Crian\u00e7a (Ralfh, Matheus, Janu\u00e1rio, La\u00eds e Sinho) com o apoio total da Equipe PIS &#8211; J\u00fanior, Jussiara, Meires, Catiane, Rosailda e a coordenadora do CRAS Vanderleia. Neste mesmo dia a Assistente Social do PAIF, Joyce Guimar\u00e3es, ministrou uma palestra direcionada para as m\u00e3es e pais atendidos pelo PIS e os cidad\u00e3os atendidos pelo PAIF, com o tema: oportunidade de aprendizagem.<\/p>\n<p><a href=\"http:\/\/www.maisbn.com\/portal\/wp-content\/uploads\/2018\/09\/Palestra_0054.jpg\"><img loading=\"lazy\" decoding=\"async\" class=\"aligncenter  wp-image-19881\" src=\"http:\/\/www.maisbn.com\/portal\/wp-content\/uploads\/2018\/09\/Palestra_0054.jpg\" alt=\"Palestra_0054\" width=\"600\" height=\"380\" \/><\/a><\/p>\n<p>Ap\u00f3s quatro dias de atividades intensas e de muitas emo\u00e7\u00f5es, realiza\u00e7\u00f5es e aprendizagem, vale ressaltar a total aten\u00e7\u00e3o, empenho e dedica\u00e7\u00e3o do Secret\u00e1rio de Assist\u00eancia Social Cl\u00e1udio Soares, Secret\u00e1rio de Finan\u00e7as Alexandre, e o Prefeito Janival Borges para a realiza\u00e7\u00e3o do evento.<\/p>\n","protected":false},"excerpt":{"rendered":"<p>A Secretaria Municipal de Assist\u00eancia Social atrav\u00e9s do CRAS &#8211; Centro de Refer\u00eancia de Assist\u00eancia Social e Programa Primeira Inf\u00e2ncia no SUAS, realizaram do dia 17 ao dia 21 de setembro, a SEMANA ESTADUAL PELO DIREITO DE SER NA PRIMEIRA INF\u00c2NCIA. Foi uma semana de intensos trabalhos de mobiliza\u00e7\u00e3o e capacita\u00e7\u00e3o para t\u00e9cnicos e demais [&hellip;]<\/p>\n","protected":false},"author":1,"featured_media":19872,"comment_status":"open","ping_status":"open","sticky":false,"template":"","format":"standard","meta":{"footnotes":""},"categories":[1],"tags":[108],"class_list":["post-19871","post","type-post","status-publish","format-standard","has-post-thumbnail","hentry","category-noticias","tag-belmonte"],"_links":{"self":[{"href":"https:\/\/www.maisbn.com\/portal\/wp-json\/wp\/v2\/posts\/19871","targetHints":{"allow":["GET"]}}],"collection":[{"href":"https:\/\/www.maisbn.com\/portal\/wp-json\/wp\/v2\/posts"}],"about":[{"href":"https:\/\/www.maisbn.com\/portal\/wp-json\/wp\/v2\/types\/post"}],"author":[{"embeddable":true,"href":"https:\/\/www.maisbn.com\/portal\/wp-json\/wp\/v2\/users\/1"}],"replies":[{"embeddable":true,"href":"https:\/\/www.maisbn.com\/portal\/wp-json\/wp\/v2\/comments?post=19871"}],"version-history":[{"count":6,"href":"https:\/\/www.maisbn.com\/portal\/wp-json\/wp\/v2\/posts\/19871\/revisions"}],"predecessor-version":[{"id":19882,"href":"https:\/\/www.maisbn.com\/portal\/wp-json\/wp\/v2\/posts\/19871\/revisions\/19882"}],"wp:featuredmedia":[{"embeddable":true,"href":"https:\/\/www.maisbn.com\/portal\/wp-json\/wp\/v2\/media\/19872"}],"wp:attachment":[{"href":"https:\/\/www.maisbn.com\/portal\/wp-json\/wp\/v2\/media?parent=19871"}],"wp:term":[{"taxonomy":"category","embeddable":true,"href":"https:\/\/www.maisbn.com\/portal\/wp-json\/wp\/v2\/categories?post=19871"},{"taxonomy":"post_tag","embeddable":true,"href":"https:\/\/www.maisbn.com\/portal\/wp-json\/wp\/v2\/tags?post=19871"}],"curies":[{"name":"wp","href":"https:\/\/api.w.org\/{rel}","templated":true}]}}