{"id":19854,"date":"2018-09-20T13:53:41","date_gmt":"2018-09-20T16:53:41","guid":{"rendered":"http:\/\/www.maisbn.com\/portal\/?p=19854"},"modified":"2018-09-20T13:53:41","modified_gmt":"2018-09-20T16:53:41","slug":"acao-retira-mais-de-uma-tonelada-de-lixo-da-praia-do-mar-moreno-em-belmonte","status":"publish","type":"post","link":"https:\/\/www.maisbn.com\/portal\/2018\/09\/acao-retira-mais-de-uma-tonelada-de-lixo-da-praia-do-mar-moreno-em-belmonte\/","title":{"rendered":"A\u00e7\u00e3o retira mais de uma tonelada de lixo da Praia do Mar Moreno em Belmonte."},"content":{"rendered":"<p><a href=\"http:\/\/www.maisbn.com\/portal\/wp-content\/uploads\/2018\/09\/colheta_praia_veracel3.jpg\"><img loading=\"lazy\" decoding=\"async\" class=\"aligncenter  wp-image-19855\" src=\"http:\/\/www.maisbn.com\/portal\/wp-content\/uploads\/2018\/09\/colheta_praia_veracel3.jpg\" alt=\"colheta_praia_veracel3\" width=\"600\" height=\"336\" \/><\/a><\/p>\n<p>O munic\u00edpio de Belmonte aderiu ao &#8220;Dia Mundial da Limpeza&#8221; (ou World Cleanup Day), uma iniciativa mundial onde volunt\u00e1rios de v\u00e1rios pa\u00edses se mobilizam em mutir\u00f5es para limpar suas cidades e chamar a aten\u00e7\u00e3o para o problema do descarte irregular de lixo. Mais de cem volunt\u00e1rios participaram da limpeza da praia Mar Moreno, em Belmonte.<\/p>\n<p><a href=\"http:\/\/www.maisbn.com\/portal\/wp-content\/uploads\/2018\/09\/colheta_praia_veracel2.jpg\"><img loading=\"lazy\" decoding=\"async\" class=\"aligncenter  wp-image-19856\" src=\"http:\/\/www.maisbn.com\/portal\/wp-content\/uploads\/2018\/09\/colheta_praia_veracel2.jpg\" alt=\"colheta_praia_veracel2\" width=\"601\" height=\"337\" \/><\/a><\/p>\n<div>De acordo com a ocean\u00f3grafa e l\u00edder da a\u00e7\u00e3o em Belmonte, Sheila Siepierski Malaquias, foram recolhidos mais de mil quilos de lixo na praia do Mar Moreno, incluindo m\u00f3veis descartados irregularmente na praia. Todo o material coletado foi segregado pelos pr\u00f3prios volunt\u00e1rios. \u201cA Veracel recebeu o material e ir\u00e1 encaminhar para a reciclagem\u201d, explicou. Para Sheila, a parceria com a empresa \u00e9 importante para garantir a destina\u00e7\u00e3o adequada dos res\u00edduos coletados. O &#8220;Dia Mundial da Limpeza&#8221; \u00a0aconteceu simultaneamente em 150 pa\u00edses e em mais de 350 munic\u00edpios brasileiros.<\/div>\n<div><a href=\"http:\/\/www.maisbn.com\/portal\/wp-content\/uploads\/2018\/09\/colheta_praia_veracel.jpg\"><img loading=\"lazy\" decoding=\"async\" class=\"aligncenter  wp-image-19857\" src=\"http:\/\/www.maisbn.com\/portal\/wp-content\/uploads\/2018\/09\/colheta_praia_veracel.jpg\" alt=\"colheta_praia_veracel\" width=\"601\" height=\"338\" \/><\/a><\/div>\n<div><\/div>\n<div>Em 2017, a Veracel Celulose obteve o melhor \u00edndice de reciclagem de res\u00edduos industriais s\u00f3lidos da sua hist\u00f3ria: 98%. A empresa reduziu em 6% a gera\u00e7\u00e3o destes res\u00edduos em compara\u00e7\u00e3o a 2016 e enviando uma quantidade substancialmente menor para o aterro industrial, 83% a menos do que no per\u00edodo anterior. Os resultados positivos podem ser atribu\u00eddos \u00e0 gest\u00e3o ambiental mais eficiente operada pela empresa. Saiba mais acessando o site:\u00a0<a class=\"vglnk\" href=\"http:\/\/www.dabahiaparaomundo.veracel.com.br\/\" rel=\"nofollow\">www.dabahiaparaomundo.veracel.com.br<\/a><\/div>\n","protected":false},"excerpt":{"rendered":"<p>O munic\u00edpio de Belmonte aderiu ao &#8220;Dia Mundial da Limpeza&#8221; (ou World Cleanup Day), uma iniciativa mundial onde volunt\u00e1rios de v\u00e1rios pa\u00edses se mobilizam em mutir\u00f5es para limpar suas cidades e chamar a aten\u00e7\u00e3o para o problema do descarte irregular de lixo. Mais de cem volunt\u00e1rios participaram da limpeza da praia Mar Moreno, em Belmonte. [&hellip;]<\/p>\n","protected":false},"author":7,"featured_media":19857,"comment_status":"open","ping_status":"open","sticky":false,"template":"","format":"standard","meta":{"footnotes":""},"categories":[33,1],"tags":[108],"class_list":["post-19854","post","type-post","status-publish","format-standard","has-post-thumbnail","hentry","category-meio-ambiente","category-noticias","tag-belmonte"],"_links":{"self":[{"href":"https:\/\/www.maisbn.com\/portal\/wp-json\/wp\/v2\/posts\/19854","targetHints":{"allow":["GET"]}}],"collection":[{"href":"https:\/\/www.maisbn.com\/portal\/wp-json\/wp\/v2\/posts"}],"about":[{"href":"https:\/\/www.maisbn.com\/portal\/wp-json\/wp\/v2\/types\/post"}],"author":[{"embeddable":true,"href":"https:\/\/www.maisbn.com\/portal\/wp-json\/wp\/v2\/users\/7"}],"replies":[{"embeddable":true,"href":"https:\/\/www.maisbn.com\/portal\/wp-json\/wp\/v2\/comments?post=19854"}],"version-history":[{"count":2,"href":"https:\/\/www.maisbn.com\/portal\/wp-json\/wp\/v2\/posts\/19854\/revisions"}],"predecessor-version":[{"id":19859,"href":"https:\/\/www.maisbn.com\/portal\/wp-json\/wp\/v2\/posts\/19854\/revisions\/19859"}],"wp:featuredmedia":[{"embeddable":true,"href":"https:\/\/www.maisbn.com\/portal\/wp-json\/wp\/v2\/media\/19857"}],"wp:attachment":[{"href":"https:\/\/www.maisbn.com\/portal\/wp-json\/wp\/v2\/media?parent=19854"}],"wp:term":[{"taxonomy":"category","embeddable":true,"href":"https:\/\/www.maisbn.com\/portal\/wp-json\/wp\/v2\/categories?post=19854"},{"taxonomy":"post_tag","embeddable":true,"href":"https:\/\/www.maisbn.com\/portal\/wp-json\/wp\/v2\/tags?post=19854"}],"curies":[{"name":"wp","href":"https:\/\/api.w.org\/{rel}","templated":true}]}}