{"id":1985,"date":"2012-12-28T14:00:12","date_gmt":"2012-12-28T16:00:12","guid":{"rendered":"http:\/\/www.maisbn.com\/portal\/?p=1985"},"modified":"2012-12-28T14:23:22","modified_gmt":"2012-12-28T16:23:22","slug":"claudia-oliveira-apresenta-secretariado-nomes-ja-eram-esperados","status":"publish","type":"post","link":"https:\/\/www.maisbn.com\/portal\/2012\/12\/claudia-oliveira-apresenta-secretariado-nomes-ja-eram-esperados\/","title":{"rendered":"Cl\u00e1udia Oliveira apresenta secretariado; Nomes j\u00e1 eram esperados"},"content":{"rendered":"<p><a href=\"http:\/\/www.maisbn.com\/portal\/wp-content\/uploads\/2012\/12\/claudia_padrao.jpg\"><img loading=\"lazy\" decoding=\"async\" class=\"alignleft  wp-image-1986\" alt=\"claudia_padrao\" src=\"http:\/\/www.maisbn.com\/portal\/wp-content\/uploads\/2012\/12\/claudia_padrao.jpg\" width=\"512\" height=\"274\" srcset=\"https:\/\/www.maisbn.com\/portal\/wp-content\/uploads\/2012\/12\/claudia_padrao.jpg 640w, https:\/\/www.maisbn.com\/portal\/wp-content\/uploads\/2012\/12\/claudia_padrao-500x267.jpg 500w\" sizes=\"auto, (max-width: 512px) 100vw, 512px\" \/><\/a>A primeira prefeita de Porto Seguro (distante 70 km de Eun\u00e1polis), Cl\u00e1udia Oliveira (PSD), reuniu a imprensa no sal\u00e3o de eventos do Hotel Solar do Imperador, ao lado do Aeroporto Internacional, na noite desta quinta-feira (27) para apresentar, antes da posse, os nomes dos seus auxiliares de primeiro escal\u00e3o.<\/p>\n<p>O evento, marcado para \u00e0s 18 horas, come\u00e7ou com uma hora de atraso e a prefeita eleita entrou no sal\u00e3o acompanhada de todos os seus assessores, exceto Vonca Gon\u00e7alves, que j\u00e1 estava recepcionando a imprensa.<\/p>\n<p>A mesa de cerim\u00f4nia foi ocupada apenas pelo vice-prefeito eleito, Beto do Ax\u00e9 Moi e a prefeita eleita.\u00a0A medida que iam sendo apresentados, os secret\u00e1rios se posicionavam de p\u00e9 na mesa.<\/p>\n<p>O primeiro a falar foi o secret\u00e1rio adjunto de Comunica\u00e7\u00e3o, Vonca Gon\u00e7alves, que fez quest\u00e3o de nominar todos os nomes da imprensa presentes e prometeu tratamento especial para todos os segmentos da \u00e1rea.<\/p>\n<p>Em seguida falou o vice-prefeito eleito, explicando que n\u00e3o ter\u00e1 cargos na administra\u00e7\u00e3o direta (ele \u00e9 empres\u00e1rio do setor de turismo e lazer), mas estar\u00e1 presente, auxiliando a prefeita \u201cneste desafio que \u00e9 administrar uma cidade t\u00e3o complexa como Porto Seguro, muitas vezes se superando, pela for\u00e7a e pela determina\u00e7\u00e3o da prefeita eleita tem em ajudar a criar uma cidade melhor e mais justa, um sentimento compartilhado pelos portossegurenses\u201d.<\/p>\n<p>Beto completou dizendo que Cl\u00e1udia estudou v\u00e1rios nomes e \u201cescolheu gente que pode ajud\u00e1-la a melhorar Porto Seguro e fazer que esse novo tempo se torne uma realidade o mais r\u00e1pido poss\u00edvel.<\/p>\n<p>&#8216;Meu compromisso e empenho \u00e9 trabalhar junto para construir esse momento t\u00e3o esperado por n\u00f3s e especialmente por mim. N\u00e3o tenho necessidade de ser secret\u00e1rio para ajudar a prefeita, mas sempre estarei \u00e0 sua disposi\u00e7\u00e3o e \u00e0 do secretariado&#8217;, disse Beto.<\/p>\n<p><b>NOMES J\u00c1 ERAM ESPERADOS<\/b><\/p>\n<p>A prefeita eleita fez os cumprimentos de praxe, inclusive alguns dos presentes que estiveram na campanha com ela, e avisou que pretende ter uma boa parceria com a imprensa.<\/p>\n<p>Do seu jeito direto, como costumava ser quando ocupou a secretaria de Assist\u00eancia Social em Eun\u00e1polis, ela se definiu como uma pessoa transparente: &#8216;N\u00e3o sou de duas caras, mas nem sempre vou poder atender a todos&#8217;.<\/p>\n<p>Sem discursos, disse que \u201cn\u00e3o teve pressa em anunciar o secretariado\u201d porque sua prioridade estava centrada no processo de transi\u00e7\u00e3o administrativa com sua equipe coordenada por Beto do Ax\u00e9 Moi e Luiz Ot\u00e1vio.<\/p>\n<p>Antes do an\u00fancio dos nomes, Cl\u00e1udia ainda agradeceu aos vereadores Paulinho Toa Toa, Danilo Suprilar, Dit\u00e3o e Lido.<\/p>\n<p><b>COMPOSI\u00c7\u00c3O DO GOVERNO<\/b><\/p>\n<p><b>Procurador Jur\u00eddico\u00a0<\/b>\u2013 H\u00e9lio de Lima<br \/>\n<b>Secretaria de Administra\u00e7\u00e3o<\/b>\u00a0\u2013 Teresinha Siviero Farias<br \/>\n<b>Secretaria de Meio Ambiente<\/b>\u00a0\u2013 Benedito Gouveia de Almeida<br \/>\n<b>Secretaria de Trabalho e Desenvolvimento Social\u00a0<\/b>\u2013 Chica Oliveira Martins<br \/>\n<b>Secretaria de Sa\u00fade<\/b>\u00a0\u2013 Edna Souza Alves Santos<br \/>\n<b>Secretaria de Governo\u00a0<\/b>\u2013 Roberta Caires<br \/>\n<b>Secretaria de Infraestrutura\u00a0<\/b>\u2013 Marlos Brasileiro<br \/>\n<b>Secretaria de Servi\u00e7os P\u00fablicos<\/b>\u00a0\u2013 Jailson Ferreira<br \/>\n<b>Secretaria de Esportes<\/b>\u00a0\u2013 Enildo Rodrigues da Gama (o vereador Rol\u00f3)<br \/>\n<b>Secretaria de Pesca e Agricultura<\/b>\u00a0\u2013 Aliomar Bittencout<br \/>\n<b>Secretaria de Educa\u00e7\u00e3o<\/b>\u00a0\u2013 Miguel Ballejo<br \/>\n<b>Secretaria de Finan\u00e7as<\/b>\u00a0\u2013 Alex Herm\u00f3genes<br \/>\n<b>Secretaria de Turismo, Lazer e Planejamento<\/b>\u00a0&#8211; Luis Ot\u00e1vio<br \/>\n<b>Secret\u00e1rio Adjunto de Comunica\u00e7\u00e3o<\/b>\u00a0\u2013 Vonca Gon\u00e7alves<br \/>\n<b>Assessor Especial\u00a0<\/b>\u2013 Maur\u00edcio Pedroza<br \/>\n<b>Chefe de Gabinete\u00a0<\/b>\u2013 Josimar Siquara<br \/>\n<b>E Secret\u00e1rio de Rela\u00e7\u00f5es Institucionais<\/b>\u00a0\u2013 Rob\u00e9rio Oliveira<\/p>\n","protected":false},"excerpt":{"rendered":"<p>A primeira prefeita de Porto Seguro (distante 70 km de Eun\u00e1polis), Cl\u00e1udia Oliveira (PSD), reuniu a imprensa no sal\u00e3o de eventos do Hotel Solar do Imperador, ao lado do Aeroporto Internacional, na noite desta quinta-feira (27) para apresentar, antes da posse, os nomes dos seus auxiliares de primeiro escal\u00e3o. O evento, marcado para \u00e0s 18 [&hellip;]<\/p>\n","protected":false},"author":1,"featured_media":0,"comment_status":"closed","ping_status":"open","sticky":false,"template":"","format":"standard","meta":{"footnotes":""},"categories":[1,7],"tags":[178],"class_list":["post-1985","post","type-post","status-publish","format-standard","hentry","category-noticias","category-politica","tag-porto-seguro"],"_links":{"self":[{"href":"https:\/\/www.maisbn.com\/portal\/wp-json\/wp\/v2\/posts\/1985","targetHints":{"allow":["GET"]}}],"collection":[{"href":"https:\/\/www.maisbn.com\/portal\/wp-json\/wp\/v2\/posts"}],"about":[{"href":"https:\/\/www.maisbn.com\/portal\/wp-json\/wp\/v2\/types\/post"}],"author":[{"embeddable":true,"href":"https:\/\/www.maisbn.com\/portal\/wp-json\/wp\/v2\/users\/1"}],"replies":[{"embeddable":true,"href":"https:\/\/www.maisbn.com\/portal\/wp-json\/wp\/v2\/comments?post=1985"}],"version-history":[{"count":0,"href":"https:\/\/www.maisbn.com\/portal\/wp-json\/wp\/v2\/posts\/1985\/revisions"}],"wp:attachment":[{"href":"https:\/\/www.maisbn.com\/portal\/wp-json\/wp\/v2\/media?parent=1985"}],"wp:term":[{"taxonomy":"category","embeddable":true,"href":"https:\/\/www.maisbn.com\/portal\/wp-json\/wp\/v2\/categories?post=1985"},{"taxonomy":"post_tag","embeddable":true,"href":"https:\/\/www.maisbn.com\/portal\/wp-json\/wp\/v2\/tags?post=1985"}],"curies":[{"name":"wp","href":"https:\/\/api.w.org\/{rel}","templated":true}]}}