{"id":19829,"date":"2018-09-19T09:33:04","date_gmt":"2018-09-19T12:33:04","guid":{"rendered":"http:\/\/www.maisbn.com\/portal\/?p=19829"},"modified":"2018-09-19T09:33:04","modified_gmt":"2018-09-19T12:33:04","slug":"pm-e-prefeitura-assinam-termo-para-a-implantacao-do-ensino-militar-em-cabralia","status":"publish","type":"post","link":"https:\/\/www.maisbn.com\/portal\/2018\/09\/pm-e-prefeitura-assinam-termo-para-a-implantacao-do-ensino-militar-em-cabralia\/","title":{"rendered":"PM e Prefeitura assinam termo para a implanta\u00e7\u00e3o do Ensino Militar em Cabr\u00e1lia."},"content":{"rendered":"<p><a href=\"http:\/\/www.maisbn.com\/portal\/wp-content\/uploads\/2018\/09\/WhatsApp-Image-2018-09-18-at-7.58.00-PM.jpeg\"><img loading=\"lazy\" decoding=\"async\" class=\"aligncenter  wp-image-19830\" src=\"http:\/\/www.maisbn.com\/portal\/wp-content\/uploads\/2018\/09\/WhatsApp-Image-2018-09-18-at-7.58.00-PM-1000x563.jpeg\" alt=\"WhatsApp Image 2018-09-18 at 7.58.00 PM\" width=\"601\" height=\"338\" srcset=\"https:\/\/www.maisbn.com\/portal\/wp-content\/uploads\/2018\/09\/WhatsApp-Image-2018-09-18-at-7.58.00-PM-1000x563.jpeg 1000w, https:\/\/www.maisbn.com\/portal\/wp-content\/uploads\/2018\/09\/WhatsApp-Image-2018-09-18-at-7.58.00-PM.jpeg 1280w\" sizes=\"auto, (max-width: 601px) 100vw, 601px\" \/><\/a><\/p>\n<p>A Pol\u00edcia Militar da Bahia e a Prefeitura Municipal de Santa Cruz Cabr\u00e1lia assinaram um termo de coopera\u00e7\u00e3o para a implanta\u00e7\u00e3o do Sistema de Ensino Militar no Col\u00e9gio Municipal Victorino da Purifica\u00e7\u00e3o Figueiredo.<\/p>\n<p>A assinatura aconteceu na manh\u00e3 dessa ter\u00e7a-feira (18\/09) na sede do Comando Geral da Pol\u00edcia Militar da Bahia, em Salvador. Estiveram presentes na cerim\u00f4nia\u00a0o Comandante Geral da Pol\u00edcia Militar,\u00a0 Coronel Anselmo Brand\u00e3o,\u00a0 o Cel Ant\u00f4nio Sebasti\u00e3o, chefe do gabinete do Comandante Geral, o Ten Cel Albuquerque , Coordenador do programa, o Major Anacleto Fran\u00e7a, Comandante do 8\u00b0 Batalh\u00e3o e o Prefeito de Santa Cruz Cabr\u00e1lia Agnelo Santos.<\/p>\n<p>O objetivo do acordo \u00e9 proporcionar a melhora do desempenho escolar dos jovens atrav\u00e9s do padr\u00e3o de hierarquia e disciplina j\u00e1 adotado nos Col\u00e9gios da Pol\u00edcia Militar. O Sistema de Ensino ser\u00e1 implantado por policiais militares que passar\u00e3o a atuar na escola junto aos alunos e professores. A Pol\u00edcia Militar j\u00e1 adotou a iniciativa em outras cidades da Bahia e as unidades escolares atendidas melhoraram sensivelmente o aproveitamento pedag\u00f3gico dos alunos se tornando refer\u00eancia no ensino das regi\u00f5es onde est\u00e3o inseridas.<\/p>\n<p>O Major Anacleto Fran\u00e7a, comandante do 8\u00b0 Batalh\u00e3o, ressaltou durante a cerim\u00f4nia que esse \u00e9 um passo importante para comunidade de Cabr\u00e1lia, porque permite que a Pol\u00edcia Militar contribua no aperfei\u00e7oamento dos mecanismos de educa\u00e7\u00e3o criando ambiente saud\u00e1vel voltado ao aprendizado, longe da influ\u00eancia de grupos criminosos e, principalmente, impedindo o envolvimento de jovens com delitos e desvios de condutas.<\/p>\n<p>ASCOM.8\u00b0BPM-PORTO SEGURO.<\/p>\n","protected":false},"excerpt":{"rendered":"<p>A Pol\u00edcia Militar da Bahia e a Prefeitura Municipal de Santa Cruz Cabr\u00e1lia assinaram um termo de coopera\u00e7\u00e3o para a implanta\u00e7\u00e3o do Sistema de Ensino Militar no Col\u00e9gio Municipal Victorino da Purifica\u00e7\u00e3o Figueiredo. A assinatura aconteceu na manh\u00e3 dessa ter\u00e7a-feira (18\/09) na sede do Comando Geral da Pol\u00edcia Militar da Bahia, em Salvador. Estiveram presentes [&hellip;]<\/p>\n","protected":false},"author":7,"featured_media":19830,"comment_status":"open","ping_status":"open","sticky":false,"template":"","format":"standard","meta":{"footnotes":""},"categories":[8,1],"tags":[108],"class_list":["post-19829","post","type-post","status-publish","format-standard","has-post-thumbnail","hentry","category-educacao","category-noticias","tag-belmonte"],"_links":{"self":[{"href":"https:\/\/www.maisbn.com\/portal\/wp-json\/wp\/v2\/posts\/19829","targetHints":{"allow":["GET"]}}],"collection":[{"href":"https:\/\/www.maisbn.com\/portal\/wp-json\/wp\/v2\/posts"}],"about":[{"href":"https:\/\/www.maisbn.com\/portal\/wp-json\/wp\/v2\/types\/post"}],"author":[{"embeddable":true,"href":"https:\/\/www.maisbn.com\/portal\/wp-json\/wp\/v2\/users\/7"}],"replies":[{"embeddable":true,"href":"https:\/\/www.maisbn.com\/portal\/wp-json\/wp\/v2\/comments?post=19829"}],"version-history":[{"count":1,"href":"https:\/\/www.maisbn.com\/portal\/wp-json\/wp\/v2\/posts\/19829\/revisions"}],"predecessor-version":[{"id":19831,"href":"https:\/\/www.maisbn.com\/portal\/wp-json\/wp\/v2\/posts\/19829\/revisions\/19831"}],"wp:featuredmedia":[{"embeddable":true,"href":"https:\/\/www.maisbn.com\/portal\/wp-json\/wp\/v2\/media\/19830"}],"wp:attachment":[{"href":"https:\/\/www.maisbn.com\/portal\/wp-json\/wp\/v2\/media?parent=19829"}],"wp:term":[{"taxonomy":"category","embeddable":true,"href":"https:\/\/www.maisbn.com\/portal\/wp-json\/wp\/v2\/categories?post=19829"},{"taxonomy":"post_tag","embeddable":true,"href":"https:\/\/www.maisbn.com\/portal\/wp-json\/wp\/v2\/tags?post=19829"}],"curies":[{"name":"wp","href":"https:\/\/api.w.org\/{rel}","templated":true}]}}