{"id":1981,"date":"2012-12-28T14:07:44","date_gmt":"2012-12-28T16:07:44","guid":{"rendered":"http:\/\/www.maisbn.com\/portal\/?p=1981"},"modified":"2012-12-29T11:30:38","modified_gmt":"2012-12-29T13:30:38","slug":"servidores-da-prefeitura-municipal-de-porto-seguro-fecham-acesso-a-orla-cobrando-salarios-que-ja-chegam-a-seis-meses-de-atraso","status":"publish","type":"post","link":"https:\/\/www.maisbn.com\/portal\/2012\/12\/servidores-da-prefeitura-municipal-de-porto-seguro-fecham-acesso-a-orla-cobrando-salarios-que-ja-chegam-a-seis-meses-de-atraso\/","title":{"rendered":"Depois de cinco horas de paralisa\u00e7\u00e3o em Porto Seguro equipe de Claudia Oliveira diz que vai pagar sal\u00e1rios atrasados."},"content":{"rendered":"<p><a href=\"http:\/\/www.maisbn.com\/portal\/wp-content\/uploads\/2012\/12\/Manife_Porto_01.jpg\"><img loading=\"lazy\" decoding=\"async\" class=\"alignleft  wp-image-1982\" alt=\"Manife_Porto_01\" src=\"http:\/\/www.maisbn.com\/portal\/wp-content\/uploads\/2012\/12\/Manife_Porto_01.jpg\" width=\"455\" height=\"288\" srcset=\"https:\/\/www.maisbn.com\/portal\/wp-content\/uploads\/2012\/12\/Manife_Porto_01.jpg 650w, https:\/\/www.maisbn.com\/portal\/wp-content\/uploads\/2012\/12\/Manife_Porto_01-552x350.jpg 552w, https:\/\/www.maisbn.com\/portal\/wp-content\/uploads\/2012\/12\/Manife_Porto_01-500x316.jpg 500w\" sizes=\"auto, (max-width: 455px) 100vw, 455px\" \/><\/a>Com os sal\u00e1rios atrasados, servidores p\u00fablicos de diversas \u00e1reas da Prefeitura Municipal de Porto Seguro iniciaram na manh\u00e3 desta sexta-feira (28), no trevo do Munda\u00ed, principal acesso a Orla da cidade, uma manifesta\u00e7\u00e3o onde atearam fogo em pneus, peda\u00e7os de madeira, galhos de \u00e1rvores, impedindo o transito no local. Em poucos minutos se formou um grande engarrafamento que se estendeu at\u00e9 a entrada do Bairro Paraguai que seria um acesso alternativo a Orla.<\/p>\n<p>&nbsp;<\/p>\n<p>O movimento ganhou mais for\u00e7a ainda quando os \u00edndios se sensibilizaram com a situa\u00e7\u00e3o se juntaram a manifesta\u00e7\u00e3o.<\/p>\n<p>&nbsp;<\/p>\n<p>A Pol\u00edcia Militar j\u00e1 est\u00e1 no local tentando negociar com os manifestantes que exigem a presen\u00e7a de alguma autoridade da prefeitura.<\/p>\n<p>&nbsp;<\/p>\n<p><a href=\"http:\/\/www.maisbn.com\/portal\/wp-content\/uploads\/2012\/12\/Manife_Porto_02.jpg\"><img loading=\"lazy\" decoding=\"async\" class=\"size-full wp-image-1983 aligncenter\" alt=\"Manife_Porto_02\" src=\"http:\/\/www.maisbn.com\/portal\/wp-content\/uploads\/2012\/12\/Manife_Porto_02.jpg\" width=\"650\" height=\"412\" srcset=\"https:\/\/www.maisbn.com\/portal\/wp-content\/uploads\/2012\/12\/Manife_Porto_02.jpg 650w, https:\/\/www.maisbn.com\/portal\/wp-content\/uploads\/2012\/12\/Manife_Porto_02-552x350.jpg 552w, https:\/\/www.maisbn.com\/portal\/wp-content\/uploads\/2012\/12\/Manife_Porto_02-500x316.jpg 500w\" sizes=\"auto, (max-width: 650px) 100vw, 650px\" \/><\/a><\/p>\n<p>&nbsp;<\/p>\n<p>Segundo um manifestante que n\u00e3o quis se identificar, existem servidores que j\u00e1 est\u00e3o com seis meses de sal\u00e1rios atrasados, outros com tr\u00eas meses, alguns passando at\u00e9 necessidades.<\/p>\n<p>O impasse s\u00f3 foi resolvido por volta das 14h30, depois de uma reuni\u00e3o do comandante do 8\u00b0 Batalh\u00e3o da Pol\u00edcia Militar, tenente-coronel Alfredo Nascimento, com a comiss\u00e3o de transi\u00e7\u00e3o da prefeita eleita Cl\u00e1udia Oliveira.<\/p>\n<p>Os secret\u00e1rios indicados para as secretarias de Educa\u00e7\u00e3o e Turismo, Miguel Balejo e Luiz Ot\u00e1vio, respectivamente, se comprometeram que se os sal\u00e1rios n\u00e3o forem pagos ainda nesta gest\u00e3o do prefeito Gilberto Abade, que se encerra no dia 31, ser\u00e3o depositados nos primeiros dias do governo de Cl\u00e1udia.<\/p>\n<p>A APLB, sindicato que representa os professores, informou que muitos ainda n\u00e3o receberam o 13\u00ba e outros sequer o sal\u00e1rio de novembro.\u00a0Ningu\u00e9m foi encontrado na prefeitura, que est\u00e1 em recesso, para falar sobre o atraso. O prefeito Abade tamb\u00e9m n\u00e3o atendeu os telefonemas da reportagem.<\/p>\n<p>A interdi\u00e7\u00e3o da rodovia trouxe muitos transtornos para moradores e turistas. Uma enorme fila de ve\u00edculos se formou nos dois sentidos da rodovia.<\/p>\n<p>&nbsp;<\/p>\n","protected":false},"excerpt":{"rendered":"<p>Com os sal\u00e1rios atrasados, servidores p\u00fablicos de diversas \u00e1reas da Prefeitura Municipal de Porto Seguro iniciaram na manh\u00e3 desta sexta-feira (28), no trevo do Munda\u00ed, principal acesso a Orla da cidade, uma manifesta\u00e7\u00e3o onde atearam fogo em pneus, peda\u00e7os de madeira, galhos de \u00e1rvores, impedindo o transito no local. Em poucos minutos se formou um [&hellip;]<\/p>\n","protected":false},"author":1,"featured_media":0,"comment_status":"closed","ping_status":"open","sticky":false,"template":"","format":"standard","meta":{"footnotes":""},"categories":[45,1],"tags":[214,178],"class_list":["post-1981","post","type-post","status-publish","format-standard","hentry","category-cidades","category-noticias","tag-greve","tag-porto-seguro"],"_links":{"self":[{"href":"https:\/\/www.maisbn.com\/portal\/wp-json\/wp\/v2\/posts\/1981","targetHints":{"allow":["GET"]}}],"collection":[{"href":"https:\/\/www.maisbn.com\/portal\/wp-json\/wp\/v2\/posts"}],"about":[{"href":"https:\/\/www.maisbn.com\/portal\/wp-json\/wp\/v2\/types\/post"}],"author":[{"embeddable":true,"href":"https:\/\/www.maisbn.com\/portal\/wp-json\/wp\/v2\/users\/1"}],"replies":[{"embeddable":true,"href":"https:\/\/www.maisbn.com\/portal\/wp-json\/wp\/v2\/comments?post=1981"}],"version-history":[{"count":0,"href":"https:\/\/www.maisbn.com\/portal\/wp-json\/wp\/v2\/posts\/1981\/revisions"}],"wp:attachment":[{"href":"https:\/\/www.maisbn.com\/portal\/wp-json\/wp\/v2\/media?parent=1981"}],"wp:term":[{"taxonomy":"category","embeddable":true,"href":"https:\/\/www.maisbn.com\/portal\/wp-json\/wp\/v2\/categories?post=1981"},{"taxonomy":"post_tag","embeddable":true,"href":"https:\/\/www.maisbn.com\/portal\/wp-json\/wp\/v2\/tags?post=1981"}],"curies":[{"name":"wp","href":"https:\/\/api.w.org\/{rel}","templated":true}]}}