{"id":19808,"date":"2018-09-17T19:59:37","date_gmt":"2018-09-17T22:59:37","guid":{"rendered":"http:\/\/www.maisbn.com\/portal\/?p=19808"},"modified":"2018-09-17T19:59:37","modified_gmt":"2018-09-17T22:59:37","slug":"operacao-das-policias-militar-e-civil-prende-acusados-de-homicidio-em-belmonte","status":"publish","type":"post","link":"https:\/\/www.maisbn.com\/portal\/2018\/09\/operacao-das-policias-militar-e-civil-prende-acusados-de-homicidio-em-belmonte\/","title":{"rendered":"Opera\u00e7\u00e3o das Pol\u00edcias Militar e Civil prende acusados de homic\u00eddio em Belmonte."},"content":{"rendered":"<p><a href=\"http:\/\/www.maisbn.com\/portal\/wp-content\/uploads\/2018\/09\/prisao_wendel_wilivan_marcelo00002.jpg\"><img loading=\"lazy\" decoding=\"async\" class=\"aligncenter  wp-image-19818\" src=\"http:\/\/www.maisbn.com\/portal\/wp-content\/uploads\/2018\/09\/prisao_wendel_wilivan_marcelo00002.jpg\" alt=\"prisao_wendel_wilivan_marcelo00002\" width=\"600\" height=\"385\" \/><\/a><\/p>\n<p>Uma a\u00e7\u00e3o conjunta realizada na manh\u00e3 dessa segunda-feira (17\/09) por policiais militares do 8\u00baBPM e agentes da Pol\u00edcia Civil da Delegacia Territorial de Belmonte resultou na pris\u00e3o por ordem judicial dos irm\u00e3os Wendel Silva Maia (20 anos) e Wilivan Silva Maia, mais conhecido na cidade pelo apelido de DL (18 anos). Os dois foram encontrados em uma resid\u00eancia localizada na Rua do Farol. Em continua\u00e7\u00e3o das dilig\u00eancias os policiais prenderam outro suspeito, este identificado como sendo Marcelo Santos Bispo mais conhecido na cidade pelo apelido de Nego Bimba (28 anos). O mesmo foi encontrado em uma resid\u00eancia no Bairro S\u00e3o Benedito.<\/p>\n<div id=\"attachment_19602\" style=\"width: 610px\" class=\"wp-caption aligncenter\"><a href=\"http:\/\/www.maisbn.com\/portal\/wp-content\/uploads\/2018\/08\/mosaico_foguetemorto.jpg\"><img loading=\"lazy\" decoding=\"async\" aria-describedby=\"caption-attachment-19602\" class=\"wp-image-19602\" src=\"http:\/\/www.maisbn.com\/portal\/wp-content\/uploads\/2018\/08\/mosaico_foguetemorto.jpg\" alt=\"mosaico_foguetemorto\" width=\"600\" height=\"386\" \/><\/a><p id=\"caption-attachment-19602\" class=\"wp-caption-text\">Paulo Robson Souza Santos, mais conhecido pelo apelido de Foguete, morto no \u00faltimo dia (29\/08) a tiros e golpes de faca.<\/p><\/div>\n<p>&nbsp;<\/p>\n<p>O objetivo da a\u00e7\u00e3o foi cumprir mandados de pris\u00e3o, busca e apreens\u00e3o expedidos pela Justi\u00e7a em desfavor dos tr\u00eas indiv\u00edduos citados. Eles s\u00e3o acusados de serem autores do homic\u00eddio que vitimou a pessoa de Paulo Robson Souza Santos, mais conhecido pelo apelido de Foguete, ocorrido no final da manh\u00e3 do dia (29\/08) na Avenida Rio Mar. Na ocasi\u00e3o, a v\u00edtima foi morta a tiros e golpes de faca que lhe atingiram a cabe\u00e7a, t\u00f3rax e regi\u00e3o das axilas. O trio ainda est\u00e1 sob suspeita de envolvimento com o tr\u00e1fico de drogas e de envolvimento em outros homic\u00eddios ocorridos na cidade. Ainda durante a\u00e7\u00e3o foi apreendida uma certa quantidade de maconha acondicionada numa lata. Todo o material e os acusados foram conduzidos e apresentados na Delegacia Territorial de Belmonte.<\/p>\n<p><a href=\"http:\/\/www.maisbn.com\/portal\/wp-content\/uploads\/2018\/09\/prisao_wendel_wilivan_marcelo00001.jpg\"><img loading=\"lazy\" decoding=\"async\" class=\"aligncenter  wp-image-19819\" src=\"http:\/\/www.maisbn.com\/portal\/wp-content\/uploads\/2018\/09\/prisao_wendel_wilivan_marcelo00001.jpg\" alt=\"prisao_wendel_wilivan_marcelo00001\" width=\"600\" height=\"385\" \/><\/a><\/p>\n<p>&nbsp;<\/p>\n<p>Em conversa com nossa equipe, o chefe do Setor de Investiga\u00e7\u00e3o da Delegacia Territorial de Belmonte, Alfredo Aberceb, ressaltou que o sucesso da opera\u00e7\u00e3o s\u00f3 foi poss\u00edvel por causa da coopera\u00e7\u00e3o m\u00fatua das duas for\u00e7as policiais que atuam em Belmonte. <strong><em>&#8220;A uni\u00e3o das duas for\u00e7as de seguran\u00e7a tem resultado em bons frutos para os belmontenses. Muitas opera\u00e7\u00f5es ainda ir\u00e3o acontecer e o objetivo principal \u00e9 elucidar os crimes que acontecem na cidade e dar uma seguran\u00e7a de qualidade para a nossa comunidade.&#8221;<\/em> <\/strong>&#8211; Finalizou Alfredo.<\/p>\n","protected":false},"excerpt":{"rendered":"<p>Uma a\u00e7\u00e3o conjunta realizada na manh\u00e3 dessa segunda-feira (17\/09) por policiais militares do 8\u00baBPM e agentes da Pol\u00edcia Civil da Delegacia Territorial de Belmonte resultou na pris\u00e3o por ordem judicial dos irm\u00e3os Wendel Silva Maia (20 anos) e Wilivan Silva Maia, mais conhecido na cidade pelo apelido de DL (18 anos). Os dois foram encontrados [&hellip;]<\/p>\n","protected":false},"author":7,"featured_media":19818,"comment_status":"open","ping_status":"open","sticky":false,"template":"","format":"standard","meta":{"footnotes":""},"categories":[1,16],"tags":[108],"class_list":["post-19808","post","type-post","status-publish","format-standard","has-post-thumbnail","hentry","category-noticias","category-policial","tag-belmonte"],"_links":{"self":[{"href":"https:\/\/www.maisbn.com\/portal\/wp-json\/wp\/v2\/posts\/19808","targetHints":{"allow":["GET"]}}],"collection":[{"href":"https:\/\/www.maisbn.com\/portal\/wp-json\/wp\/v2\/posts"}],"about":[{"href":"https:\/\/www.maisbn.com\/portal\/wp-json\/wp\/v2\/types\/post"}],"author":[{"embeddable":true,"href":"https:\/\/www.maisbn.com\/portal\/wp-json\/wp\/v2\/users\/7"}],"replies":[{"embeddable":true,"href":"https:\/\/www.maisbn.com\/portal\/wp-json\/wp\/v2\/comments?post=19808"}],"version-history":[{"count":10,"href":"https:\/\/www.maisbn.com\/portal\/wp-json\/wp\/v2\/posts\/19808\/revisions"}],"predecessor-version":[{"id":19820,"href":"https:\/\/www.maisbn.com\/portal\/wp-json\/wp\/v2\/posts\/19808\/revisions\/19820"}],"wp:featuredmedia":[{"embeddable":true,"href":"https:\/\/www.maisbn.com\/portal\/wp-json\/wp\/v2\/media\/19818"}],"wp:attachment":[{"href":"https:\/\/www.maisbn.com\/portal\/wp-json\/wp\/v2\/media?parent=19808"}],"wp:term":[{"taxonomy":"category","embeddable":true,"href":"https:\/\/www.maisbn.com\/portal\/wp-json\/wp\/v2\/categories?post=19808"},{"taxonomy":"post_tag","embeddable":true,"href":"https:\/\/www.maisbn.com\/portal\/wp-json\/wp\/v2\/tags?post=19808"}],"curies":[{"name":"wp","href":"https:\/\/api.w.org\/{rel}","templated":true}]}}