{"id":19774,"date":"2018-09-12T11:20:03","date_gmt":"2018-09-12T14:20:03","guid":{"rendered":"http:\/\/www.maisbn.com\/portal\/?p=19774"},"modified":"2018-09-12T11:30:17","modified_gmt":"2018-09-12T14:30:17","slug":"aplb-emite-nota-anunciando-paralisacao-para-exigir-o-pagamento-da-educacao-infantil","status":"publish","type":"post","link":"https:\/\/www.maisbn.com\/portal\/2018\/09\/aplb-emite-nota-anunciando-paralisacao-para-exigir-o-pagamento-da-educacao-infantil\/","title":{"rendered":"APLB emite nota anunciando paralisa\u00e7\u00e3o para exigir o pagamento da Educa\u00e7\u00e3o Infantil."},"content":{"rendered":"<p><a href=\"http:\/\/www.maisbn.com\/portal\/wp-content\/uploads\/2017\/06\/assembleia_professores00001.jpg\"><img loading=\"lazy\" decoding=\"async\" class=\"aligncenter wp-image-15337\" src=\"http:\/\/www.maisbn.com\/portal\/wp-content\/uploads\/2017\/06\/assembleia_professores00001.jpg\" alt=\"assembleia_professores00001\" width=\"600\" height=\"385\" \/><\/a><\/p>\n<p>A APLB-Belmonte informou na manh\u00e3 dessa quarta-feira (12\/09) que a entidade planeja uma nova paralisa\u00e7\u00e3o de 48 horas, caso a Prefeitura Municipal de Belmonte n\u00e3o efetue o pagamento dos professores efetivos do ensino infantil. Segundo a APLB, a categoria est\u00e1 irritada porque a gest\u00e3o municipal tinha at\u00e9 o quinto dia \u00fatil do m\u00eas para pagar os proventos dos servidores e n\u00e3o cumpriu com a sua obriga\u00e7\u00e3o, pagando depois do prazo e apenas a uma parte dos funcion\u00e1rios efetivos. <strong><em>&#8220;Caso os pagamentos n\u00e3o estejam nas contas dos servidores at\u00e9 a manh\u00e3 dessa quinta-feira (13\/09) paralisaremos novamente para for\u00e7ar a administra\u00e7\u00e3o a cumprir com seus compromissos.&#8221;<\/em><\/strong> &#8211; Finalizou a entidade.<\/p>\n<p>Nossa equipe voltou \u00e0 Prefeitura Municipal de Belmonte para questionar a situa\u00e7\u00e3o e a Secretaria de Finan\u00e7as informou que, ao todo foram pagos 400 funcion\u00e1rios efetivos, entre professores e pessoal de apoio e que restaram apenas 63 professores da Educa\u00e7\u00e3o Infantil que ser\u00e3o pagos hoje com a entrada dos impostos pagos pela Veracel. Em nota, o setor financeiro da Prefeitura de Belmonte colocou que houve queda nas verbas em compara\u00e7\u00e3o com o m\u00eas passado e que os repasses federais dispon\u00edveis at\u00e9 o momento n\u00e3o foram suficientes para cobrir a folha de pagamento de todos os efetivos. <strong><em>&#8220;O objetivo da gest\u00e3o \u00e9 pagar todos os funcion\u00e1rios municipais at\u00e9 o final do m\u00eas, atendendo sempre a disponibilidade dos recursos que v\u00e3o chegando \u00e0s contas da Prefeitura. Os tempos s\u00e3o dif\u00edceis e o munic\u00edpio, que tem uma arrecada\u00e7\u00e3o pr\u00f3pria insuficiente, acaba sendo afetado seriamente por essa crise de arrecada\u00e7\u00e3o que afeta todo o pa\u00eds.&#8221;<\/em><\/strong> &#8211; Finalizou a nota.<\/p>\n","protected":false},"excerpt":{"rendered":"<p>A APLB-Belmonte informou na manh\u00e3 dessa quarta-feira (12\/09) que a entidade planeja uma nova paralisa\u00e7\u00e3o de 48 horas, caso a Prefeitura Municipal de Belmonte n\u00e3o efetue o pagamento dos professores efetivos do ensino infantil. Segundo a APLB, a categoria est\u00e1 irritada porque a gest\u00e3o municipal tinha at\u00e9 o quinto dia \u00fatil do m\u00eas para pagar [&hellip;]<\/p>\n","protected":false},"author":7,"featured_media":15337,"comment_status":"open","ping_status":"open","sticky":false,"template":"","format":"standard","meta":{"footnotes":""},"categories":[8,1],"tags":[108],"class_list":["post-19774","post","type-post","status-publish","format-standard","has-post-thumbnail","hentry","category-educacao","category-noticias","tag-belmonte"],"_links":{"self":[{"href":"https:\/\/www.maisbn.com\/portal\/wp-json\/wp\/v2\/posts\/19774","targetHints":{"allow":["GET"]}}],"collection":[{"href":"https:\/\/www.maisbn.com\/portal\/wp-json\/wp\/v2\/posts"}],"about":[{"href":"https:\/\/www.maisbn.com\/portal\/wp-json\/wp\/v2\/types\/post"}],"author":[{"embeddable":true,"href":"https:\/\/www.maisbn.com\/portal\/wp-json\/wp\/v2\/users\/7"}],"replies":[{"embeddable":true,"href":"https:\/\/www.maisbn.com\/portal\/wp-json\/wp\/v2\/comments?post=19774"}],"version-history":[{"count":4,"href":"https:\/\/www.maisbn.com\/portal\/wp-json\/wp\/v2\/posts\/19774\/revisions"}],"predecessor-version":[{"id":19778,"href":"https:\/\/www.maisbn.com\/portal\/wp-json\/wp\/v2\/posts\/19774\/revisions\/19778"}],"wp:featuredmedia":[{"embeddable":true,"href":"https:\/\/www.maisbn.com\/portal\/wp-json\/wp\/v2\/media\/15337"}],"wp:attachment":[{"href":"https:\/\/www.maisbn.com\/portal\/wp-json\/wp\/v2\/media?parent=19774"}],"wp:term":[{"taxonomy":"category","embeddable":true,"href":"https:\/\/www.maisbn.com\/portal\/wp-json\/wp\/v2\/categories?post=19774"},{"taxonomy":"post_tag","embeddable":true,"href":"https:\/\/www.maisbn.com\/portal\/wp-json\/wp\/v2\/tags?post=19774"}],"curies":[{"name":"wp","href":"https:\/\/api.w.org\/{rel}","templated":true}]}}