{"id":19758,"date":"2018-09-11T11:11:21","date_gmt":"2018-09-11T14:11:21","guid":{"rendered":"http:\/\/www.maisbn.com\/portal\/?p=19758"},"modified":"2018-09-11T11:11:21","modified_gmt":"2018-09-11T14:11:21","slug":"fortes-ondas-voltam-a-castigar-a-praia-do-mar-moreno-em-belmonte","status":"publish","type":"post","link":"https:\/\/www.maisbn.com\/portal\/2018\/09\/fortes-ondas-voltam-a-castigar-a-praia-do-mar-moreno-em-belmonte\/","title":{"rendered":"Fortes ondas voltam a castigar a Praia do Mar Moreno em Belmonte."},"content":{"rendered":"<p><iframe loading=\"lazy\" src=\"https:\/\/www.youtube.com\/embed\/IgSLS1-8dck\" width=\"560\" height=\"315\" frameborder=\"0\" allowfullscreen=\"allowfullscreen\"><\/iframe><\/p>\n<p>Barraqueiros da Praia do Mar Moreno se assustaram com a for\u00e7a das \u00e1guas que voltaram a castigar o litoral belmontense nesse final de semana. As ondas foram causadas, segundo os meteorologistas, pelos fortes ventos que se abateram na regi\u00e3o e v\u00e1rios munic\u00edpios foram afetados pelo fen\u00f4meno.<\/p>\n<p><a href=\"http:\/\/www.maisbn.com\/portal\/wp-content\/uploads\/2018\/09\/mosaico_ondaspraiadomarmoreno.jpg\"><img loading=\"lazy\" decoding=\"async\" class=\"aligncenter wp-image-19760\" src=\"http:\/\/www.maisbn.com\/portal\/wp-content\/uploads\/2018\/09\/mosaico_ondaspraiadomarmoreno.jpg\" alt=\"mosaico_ondaspraiadomarmoreno\" width=\"600\" height=\"386\" \/><\/a><\/p>\n<p>Em Belmonte as \u00e1guas venceram uma barreira de areia formada pela pr\u00f3pria mar\u00e9 e avan\u00e7ou pelo cal\u00e7amento at\u00e9 o Guaiamun Gigante, cart\u00e3o postal da cidade. Algumas barracas tamb\u00e9m foram invadidas pela \u00e1gua e v\u00e1rios comerciantes tiveram que correr para salvar utens\u00edlios e impedir que aparelhos el\u00e9tricos fossem danificados. Moradores pr\u00f3ximos tamb\u00e9m ficaram assustados e todos permanecem em alerta, j\u00e1 que, existe o risco de mais casas serem carregadas pela mar\u00e9.<\/p>\n<p><a href=\"http:\/\/www.maisbn.com\/portal\/wp-content\/uploads\/2018\/09\/41447353_1902986379747510_6163238208168525824_n.jpg\"><img loading=\"lazy\" decoding=\"async\" class=\"aligncenter wp-image-19759\" src=\"http:\/\/www.maisbn.com\/portal\/wp-content\/uploads\/2018\/09\/41447353_1902986379747510_6163238208168525824_n.jpg\" alt=\"41447353_1902986379747510_6163238208168525824_n\" width=\"601\" height=\"338\" \/><\/a><\/p>\n<p>Essa n\u00e3o \u00e9 a primeira vez que a Praia do Mar Moreno sofre com o problema, v\u00e1rios im\u00f3veis e at\u00e9 uma rua inteira j\u00e1 foram levados pelo mar. O \u00faltimo avan\u00e7o violento da mar\u00e9 aconteceu em setembro do ano passado. Onde a Prefeitura Municipal de Belmonte chegou a decretar estado de emerg\u00eancia na tentativa de conseguir recursos federais para efetuar obras de reten\u00e7\u00e3o. O Decreto foi homologado pelo Governo da Bahia, mas os recursos, at\u00e9 o momento, ainda n\u00e3o chegaram devido a problemas burocr\u00e1ticos.<\/p>\n","protected":false},"excerpt":{"rendered":"<p>Barraqueiros da Praia do Mar Moreno se assustaram com a for\u00e7a das \u00e1guas que voltaram a castigar o litoral belmontense nesse final de semana. As ondas foram causadas, segundo os meteorologistas, pelos fortes ventos que se abateram na regi\u00e3o e v\u00e1rios munic\u00edpios foram afetados pelo fen\u00f4meno. Em Belmonte as \u00e1guas venceram uma barreira de areia [&hellip;]<\/p>\n","protected":false},"author":7,"featured_media":19759,"comment_status":"open","ping_status":"open","sticky":false,"template":"","format":"standard","meta":{"footnotes":""},"categories":[33,1],"tags":[108],"class_list":["post-19758","post","type-post","status-publish","format-standard","has-post-thumbnail","hentry","category-meio-ambiente","category-noticias","tag-belmonte"],"_links":{"self":[{"href":"https:\/\/www.maisbn.com\/portal\/wp-json\/wp\/v2\/posts\/19758","targetHints":{"allow":["GET"]}}],"collection":[{"href":"https:\/\/www.maisbn.com\/portal\/wp-json\/wp\/v2\/posts"}],"about":[{"href":"https:\/\/www.maisbn.com\/portal\/wp-json\/wp\/v2\/types\/post"}],"author":[{"embeddable":true,"href":"https:\/\/www.maisbn.com\/portal\/wp-json\/wp\/v2\/users\/7"}],"replies":[{"embeddable":true,"href":"https:\/\/www.maisbn.com\/portal\/wp-json\/wp\/v2\/comments?post=19758"}],"version-history":[{"count":1,"href":"https:\/\/www.maisbn.com\/portal\/wp-json\/wp\/v2\/posts\/19758\/revisions"}],"predecessor-version":[{"id":19761,"href":"https:\/\/www.maisbn.com\/portal\/wp-json\/wp\/v2\/posts\/19758\/revisions\/19761"}],"wp:featuredmedia":[{"embeddable":true,"href":"https:\/\/www.maisbn.com\/portal\/wp-json\/wp\/v2\/media\/19759"}],"wp:attachment":[{"href":"https:\/\/www.maisbn.com\/portal\/wp-json\/wp\/v2\/media?parent=19758"}],"wp:term":[{"taxonomy":"category","embeddable":true,"href":"https:\/\/www.maisbn.com\/portal\/wp-json\/wp\/v2\/categories?post=19758"},{"taxonomy":"post_tag","embeddable":true,"href":"https:\/\/www.maisbn.com\/portal\/wp-json\/wp\/v2\/tags?post=19758"}],"curies":[{"name":"wp","href":"https:\/\/api.w.org\/{rel}","templated":true}]}}