{"id":1972,"date":"2012-12-26T13:51:48","date_gmt":"2012-12-26T15:51:48","guid":{"rendered":"http:\/\/www.maisbn.com\/portal\/?p=1972"},"modified":"2012-12-26T13:51:48","modified_gmt":"2012-12-26T15:51:48","slug":"depois-de-ser-afastado-pela-justica-jorge-pontes-esta-de-volta-a-prefeitura-de-cabralia","status":"publish","type":"post","link":"https:\/\/www.maisbn.com\/portal\/2012\/12\/depois-de-ser-afastado-pela-justica-jorge-pontes-esta-de-volta-a-prefeitura-de-cabralia\/","title":{"rendered":"Depois de ser afastado pela Justi\u00e7a, Jorge Pontes est\u00e1 de volta \u00e0 prefeitura de Cabr\u00e1lia."},"content":{"rendered":"<p><a href=\"http:\/\/www.maisbn.com\/portal\/wp-content\/uploads\/2012\/12\/pontes_d.jpg\"><img loading=\"lazy\" decoding=\"async\" class=\"alignleft size-full wp-image-1973\" alt=\"pontes_d\" src=\"http:\/\/www.maisbn.com\/portal\/wp-content\/uploads\/2012\/12\/pontes_d.jpg\" width=\"320\" height=\"240\" \/><\/a>O prefeito de Santa Cruz Cabr\u00e1lia, Jorge Pontes (PT), que na \u00fatima sexta-feira (21) havia sido afastado pela Justi\u00e7a, foi reconduzido ao cargo na ter\u00e7a-feira (25). O afastamento do prefeito, como havia sido informado pelo juiz Rodrigo Pereira, seria tempor\u00e1rio.<\/p>\n<p>A vice-prefeita Oz\u00e9lia, que assumiu a fun\u00e7\u00e3o de prefeita na sexta-feira, renunciou na segunda-feira. Segundo o promotor de Justi\u00e7a de Cabr\u00e1lia, Rodrigo Pereira, o afastamento de Jorge Pontes teria sido pedido pelo Minist\u00e9rio P\u00fablico estadual depois que sete servidores p\u00fablicos concursados se sentiram perseguidos pelo prefeito.<\/p>\n<p>A decis\u00e3o que permitiu o retorno do prefeito ao cargo foi proferida pelo desembargador do Tribunal de Justi\u00e7a da Bahia Jos\u00e9 Edivaldo Rotondano.<\/p>\n<p>\u201c(\u2026) Ante o exposto, defiro em parte o pedido de atribui\u00e7\u00e3o de efeito suspensivo ao presente recurso, apenas para sobrestar os efeitos da decis\u00e3o agravada no ponto em que determinou o afastamento do agravante do cargo de prefeito, mantendo sua efic\u00e1cia no restante, inclusive no que tange \u00e0 ordem de busca e apreens\u00e3o de documentos\u201d, disse o desembargador em seu parecer.<\/p>\n<p>\u201cAgora \u00e9 continuar fazendo o melhor para Cabr\u00e1lia e honrar as pessoas que nos deram mais 4 anos de mandato, muito ainda tem que ser feito\u201d, disse, em entrevista por telefone, o prefeito Jorge Pontes.<\/p>\n","protected":false},"excerpt":{"rendered":"<p>O prefeito de Santa Cruz Cabr\u00e1lia, Jorge Pontes (PT), que na \u00fatima sexta-feira (21) havia sido afastado pela Justi\u00e7a, foi reconduzido ao cargo na ter\u00e7a-feira (25). O afastamento do prefeito, como havia sido informado pelo juiz Rodrigo Pereira, seria tempor\u00e1rio. A vice-prefeita Oz\u00e9lia, que assumiu a fun\u00e7\u00e3o de prefeita na sexta-feira, renunciou na segunda-feira. Segundo [&hellip;]<\/p>\n","protected":false},"author":7,"featured_media":0,"comment_status":"closed","ping_status":"open","sticky":false,"template":"","format":"standard","meta":{"footnotes":""},"categories":[7],"tags":[309,302],"class_list":["post-1972","post","type-post","status-publish","format-standard","hentry","category-politica","tag-jorge-ponte","tag-prefeitura-de-santa-cruz-cabralia"],"_links":{"self":[{"href":"https:\/\/www.maisbn.com\/portal\/wp-json\/wp\/v2\/posts\/1972","targetHints":{"allow":["GET"]}}],"collection":[{"href":"https:\/\/www.maisbn.com\/portal\/wp-json\/wp\/v2\/posts"}],"about":[{"href":"https:\/\/www.maisbn.com\/portal\/wp-json\/wp\/v2\/types\/post"}],"author":[{"embeddable":true,"href":"https:\/\/www.maisbn.com\/portal\/wp-json\/wp\/v2\/users\/7"}],"replies":[{"embeddable":true,"href":"https:\/\/www.maisbn.com\/portal\/wp-json\/wp\/v2\/comments?post=1972"}],"version-history":[{"count":0,"href":"https:\/\/www.maisbn.com\/portal\/wp-json\/wp\/v2\/posts\/1972\/revisions"}],"wp:attachment":[{"href":"https:\/\/www.maisbn.com\/portal\/wp-json\/wp\/v2\/media?parent=1972"}],"wp:term":[{"taxonomy":"category","embeddable":true,"href":"https:\/\/www.maisbn.com\/portal\/wp-json\/wp\/v2\/categories?post=1972"},{"taxonomy":"post_tag","embeddable":true,"href":"https:\/\/www.maisbn.com\/portal\/wp-json\/wp\/v2\/tags?post=1972"}],"curies":[{"name":"wp","href":"https:\/\/api.w.org\/{rel}","templated":true}]}}