{"id":19693,"date":"2018-09-06T12:08:54","date_gmt":"2018-09-06T15:08:54","guid":{"rendered":"http:\/\/www.maisbn.com\/portal\/?p=19693"},"modified":"2018-09-06T12:09:43","modified_gmt":"2018-09-06T15:09:43","slug":"03-detentos-fogem-do-presidio-de-eunapolis-nessa-quinta-feira","status":"publish","type":"post","link":"https:\/\/www.maisbn.com\/portal\/2018\/09\/03-detentos-fogem-do-presidio-de-eunapolis-nessa-quinta-feira\/","title":{"rendered":"03 detentos fogem do Pres\u00eddio de Eun\u00e1polis nessa quinta-feira."},"content":{"rendered":"<p><a href=\"http:\/\/www.maisbn.com\/portal\/wp-content\/uploads\/2018\/09\/presidiodeeunapolis.jpg\"><img loading=\"lazy\" decoding=\"async\" class=\"aligncenter wp-image-19694\" src=\"http:\/\/www.maisbn.com\/portal\/wp-content\/uploads\/2018\/09\/presidiodeeunapolis.jpg\" alt=\"presidiodeeunapolis\" width=\"601\" height=\"389\" \/><\/a><\/p>\n<p>Tr\u00eas detentos conseguiram fugir do Pres\u00eddio de Eun\u00e1polis nessa Quinta-feira (06\/09). A unidade prisional informou que a fuga s\u00f3 foi descoberta pelos agentes de disciplina por volta das 07:00Hrs da manh\u00e3.\u00a0 os fugitivos foram identificados pelos nomes de Emerson Santos Ferreira (30 anos), Anderson Avelino dos Santos (23 anos) e Gabriel Alves de Souza, de idade n\u00e3o informada.<\/p>\n<p><a href=\"http:\/\/www.maisbn.com\/portal\/wp-content\/uploads\/2018\/09\/presidiodeeunapolis2.jpg\"><img loading=\"lazy\" decoding=\"async\" class=\"aligncenter wp-image-19695\" src=\"http:\/\/www.maisbn.com\/portal\/wp-content\/uploads\/2018\/09\/presidiodeeunapolis2.jpg\" alt=\"presidiodeeunapolis2\" width=\"600\" height=\"395\" \/><\/a><\/p>\n<p>Dois dos fugitivos estavam na unidade por cometer crimes de repercuss\u00e3o em Porto Seguro. Emerson \u00e9 acusado de estuprar 08 jovens e Anderson \u00e9 acusado de espancar o seu enteado, que tinha 03 anos, at\u00e9 a morte no \u00faltimo m\u00eas de julho. A m\u00e3e da crian\u00e7a, que \u00e9 acusada de participar do crime, tamb\u00e9m est\u00e1 presa. A Empresa Reviver, que \u00e9 a respons\u00e1vel pela administra\u00e7\u00e3o do Pres\u00eddio de Eun\u00e1polis, n\u00e3o deu mais detalhes de como ocorreu a fuga.<\/p>\n<p><em><strong>Fonte: Radar 64<\/strong><\/em><\/p>\n","protected":false},"excerpt":{"rendered":"<p>Tr\u00eas detentos conseguiram fugir do Pres\u00eddio de Eun\u00e1polis nessa Quinta-feira (06\/09). A unidade prisional informou que a fuga s\u00f3 foi descoberta pelos agentes de disciplina por volta das 07:00Hrs da manh\u00e3.\u00a0 os fugitivos foram identificados pelos nomes de Emerson Santos Ferreira (30 anos), Anderson Avelino dos Santos (23 anos) e Gabriel Alves de Souza, de [&hellip;]<\/p>\n","protected":false},"author":7,"featured_media":19695,"comment_status":"open","ping_status":"open","sticky":false,"template":"","format":"standard","meta":{"footnotes":""},"categories":[1,16],"tags":[108],"class_list":["post-19693","post","type-post","status-publish","format-standard","has-post-thumbnail","hentry","category-noticias","category-policial","tag-belmonte"],"_links":{"self":[{"href":"https:\/\/www.maisbn.com\/portal\/wp-json\/wp\/v2\/posts\/19693","targetHints":{"allow":["GET"]}}],"collection":[{"href":"https:\/\/www.maisbn.com\/portal\/wp-json\/wp\/v2\/posts"}],"about":[{"href":"https:\/\/www.maisbn.com\/portal\/wp-json\/wp\/v2\/types\/post"}],"author":[{"embeddable":true,"href":"https:\/\/www.maisbn.com\/portal\/wp-json\/wp\/v2\/users\/7"}],"replies":[{"embeddable":true,"href":"https:\/\/www.maisbn.com\/portal\/wp-json\/wp\/v2\/comments?post=19693"}],"version-history":[{"count":2,"href":"https:\/\/www.maisbn.com\/portal\/wp-json\/wp\/v2\/posts\/19693\/revisions"}],"predecessor-version":[{"id":19697,"href":"https:\/\/www.maisbn.com\/portal\/wp-json\/wp\/v2\/posts\/19693\/revisions\/19697"}],"wp:featuredmedia":[{"embeddable":true,"href":"https:\/\/www.maisbn.com\/portal\/wp-json\/wp\/v2\/media\/19695"}],"wp:attachment":[{"href":"https:\/\/www.maisbn.com\/portal\/wp-json\/wp\/v2\/media?parent=19693"}],"wp:term":[{"taxonomy":"category","embeddable":true,"href":"https:\/\/www.maisbn.com\/portal\/wp-json\/wp\/v2\/categories?post=19693"},{"taxonomy":"post_tag","embeddable":true,"href":"https:\/\/www.maisbn.com\/portal\/wp-json\/wp\/v2\/tags?post=19693"}],"curies":[{"name":"wp","href":"https:\/\/api.w.org\/{rel}","templated":true}]}}