{"id":1969,"date":"2012-12-26T13:45:09","date_gmt":"2012-12-26T16:45:09","guid":{"rendered":"http:\/\/www.maisbn.com\/portal\/?p=1969"},"modified":"2013-12-28T21:17:36","modified_gmt":"2013-12-29T00:17:36","slug":"prefeita-eleita-alice-maria-celebra-culto-em-acao-de-graca","status":"publish","type":"post","link":"https:\/\/www.maisbn.com\/portal\/2012\/12\/prefeita-eleita-alice-maria-celebra-culto-em-acao-de-graca\/","title":{"rendered":"Prefeita eleita Alice Maria celebra culto em A\u00e7\u00e3o de Gra\u00e7a"},"content":{"rendered":"<p><em><a href=\"http:\/\/www.maisbn.com\/portal\/wp-content\/uploads\/2012\/12\/agradecimentoalice.jpg\"><img loading=\"lazy\" decoding=\"async\" class=\"aligncenter size-full wp-image-1970\" alt=\"agradecimentoalice\" src=\"http:\/\/www.maisbn.com\/portal\/wp-content\/uploads\/2012\/12\/agradecimentoalice.jpg\" width=\"600\" height=\"399\" srcset=\"https:\/\/www.maisbn.com\/portal\/wp-content\/uploads\/2012\/12\/agradecimentoalice.jpg 600w, https:\/\/www.maisbn.com\/portal\/wp-content\/uploads\/2012\/12\/agradecimentoalice-526x350.jpg 526w, https:\/\/www.maisbn.com\/portal\/wp-content\/uploads\/2012\/12\/agradecimentoalice-500x332.jpg 500w\" sizes=\"auto, (max-width: 600px) 100vw, 600px\" \/><\/a><\/em><\/p>\n<p>Na noite deste\u00a0 domingo(23) a prefeita\u00a0 eleita Alice Maria, realizou na\u00a0 quadra\u00a0 de Esporte de Barrol\u00e2ndia um culto ecum\u00eanico em a\u00e7\u00e3o de gra\u00e7a, pelas\u00a0 vit\u00f3rias alcan\u00e7ada durante\u00a0 todo o per\u00edodo eleitoral e a concretiza\u00e7\u00e3o delas nas\u00a0 urnas no dia\u00a0 7 de outubro. O Culto teve a participa\u00e7\u00e3o de varias igrejas e pastores de Barrol\u00e2ndia. O louvor ficou sobre a responsabilidade da voz bel\u00edssima de Cintia Alves e seu grupo da Igreja Adventista do 7\u00ba Dia da cidade de Salvador.<\/p>\n<p>Para o Pastor Ronaldo Marcelo Sadra, est\u00e1\u00a0 \u00e9\u00a0 uma\u00a0 grande\u00a0 novidade, pois\u00a0 geralmente pessoas\u00a0 pedem\u00a0 a\u00e7\u00e3o de gra\u00e7a por \u00a0um anivers\u00e1rio ou\u00a0 mesmo por um aniversario de casamento, mais\u00a0 nunca\u00a0 por\u00a0 uma conquista\u00a0 como\u00a0 essa.<\/p>\n<p>Que este seja uma exemplo a ser seguido e desejou que a prefeita eleita tenha\u00a0 sempre o seu governo baseado nos princ\u00edpios crist\u00e3o.<\/p>\n<p>Por\u00a0 fim a prefeita eleita deu o seu testemunho de vida e n\u00e3o falou em politica, apenas disse: temos\u00a0 que agradecer\u00a0 a Deus\u00a0 por tudo\u00a0 que ele\u00a0 faz\u00a0 em nossas\u00a0 vidas e sabemos que essa\u00a0 vit\u00f3ria\u00a0 veio do\u00a0 Senhor e temos que\u00a0 honra-lo e devolver a Ele\u00a0 atrav\u00e9s \u00a0do\u00a0 nosso\u00a0 louvor da\u00a0 nossa\u00a0 gratid\u00e3o. Este culto em\u00a0 a\u00e7\u00e3o de gra\u00e7a\u00a0 foi justamente\u00a0 para isso, pois\u00a0 temos\u00a0 convic\u00e7\u00e3o de tudo\u00a0 o que Deus\u00a0 fez\u00a0 nessa\u00a0 campanha e cremos que\u00a0 Ele\u00a0 est\u00e1 na frente de tudo no comando e pedimos a Deus\u00a0 que\u00a0 nos d\u00ea\u00a0 sabedoria para cuidar\u00a0 dessa\u00a0 cidade, pois a miss\u00e3o que\u00a0 ele\u00a0 nos\u00a0 deu \u00e9 uma\u00a0 miss\u00e3o \u00a0muito grande, mais\u00a0 temos certeza de que Ele\u00a0 estar\u00e1 \u00a0conosco, pois\u00a0 tudo\u00a0 que Deus\u00a0 faz\u00a0 \u00e9 bom e nunca\u00a0 nos d\u00e1 um\u00a0 fardo maior do que possamos suportar, acredito na miss\u00e3o que\u00a0 Ele nos\u00a0 deu e somos\u00a0\u00a0 instrumentos nas\u00a0 M\u00e3os Dele. Ent\u00e3o a vit\u00f3ria\u00a0 \u00e9 Dele, Toda Honra e toda Gl\u00f3ria\u00a0 seja dada ao Nome\u00a0 do Senhor.<\/p>\n","protected":false},"excerpt":{"rendered":"<p>Na noite deste\u00a0 domingo(23) a prefeita\u00a0 eleita Alice Maria, realizou na\u00a0 quadra\u00a0 de Esporte de Barrol\u00e2ndia um culto ecum\u00eanico em a\u00e7\u00e3o de gra\u00e7a, pelas\u00a0 vit\u00f3rias alcan\u00e7ada durante\u00a0 todo o per\u00edodo eleitoral e a concretiza\u00e7\u00e3o delas nas\u00a0 urnas no dia\u00a0 7 de outubro. O Culto teve a participa\u00e7\u00e3o de varias igrejas e pastores de Barrol\u00e2ndia. O [&hellip;]<\/p>\n","protected":false},"author":7,"featured_media":0,"comment_status":"closed","ping_status":"open","sticky":false,"template":"","format":"standard","meta":{"footnotes":""},"categories":[1],"tags":[150,308,113],"class_list":["post-1969","post","type-post","status-publish","format-standard","hentry","category-noticias","tag-alice-elias","tag-prefeita-alice-elias","tag-prefeitura-de-belmonte"],"_links":{"self":[{"href":"https:\/\/www.maisbn.com\/portal\/wp-json\/wp\/v2\/posts\/1969","targetHints":{"allow":["GET"]}}],"collection":[{"href":"https:\/\/www.maisbn.com\/portal\/wp-json\/wp\/v2\/posts"}],"about":[{"href":"https:\/\/www.maisbn.com\/portal\/wp-json\/wp\/v2\/types\/post"}],"author":[{"embeddable":true,"href":"https:\/\/www.maisbn.com\/portal\/wp-json\/wp\/v2\/users\/7"}],"replies":[{"embeddable":true,"href":"https:\/\/www.maisbn.com\/portal\/wp-json\/wp\/v2\/comments?post=1969"}],"version-history":[{"count":0,"href":"https:\/\/www.maisbn.com\/portal\/wp-json\/wp\/v2\/posts\/1969\/revisions"}],"wp:attachment":[{"href":"https:\/\/www.maisbn.com\/portal\/wp-json\/wp\/v2\/media?parent=1969"}],"wp:term":[{"taxonomy":"category","embeddable":true,"href":"https:\/\/www.maisbn.com\/portal\/wp-json\/wp\/v2\/categories?post=1969"},{"taxonomy":"post_tag","embeddable":true,"href":"https:\/\/www.maisbn.com\/portal\/wp-json\/wp\/v2\/tags?post=1969"}],"curies":[{"name":"wp","href":"https:\/\/api.w.org\/{rel}","templated":true}]}}