{"id":19677,"date":"2018-09-05T11:33:44","date_gmt":"2018-09-05T14:33:44","guid":{"rendered":"http:\/\/www.maisbn.com\/portal\/?p=19677"},"modified":"2018-09-05T11:41:17","modified_gmt":"2018-09-05T14:41:17","slug":"obras-de-recuperacao-da-ba-001-no-trecho-entre-cabralia-e-belmonte-sao-iniciadas","status":"publish","type":"post","link":"https:\/\/www.maisbn.com\/portal\/2018\/09\/obras-de-recuperacao-da-ba-001-no-trecho-entre-cabralia-e-belmonte-sao-iniciadas\/","title":{"rendered":"Obras de recupera\u00e7\u00e3o da BA-001, no trecho entre Cabr\u00e1lia e Belmonte, s\u00e3o iniciadas."},"content":{"rendered":"<p>&nbsp;<\/p>\n<p><a href=\"http:\/\/www.maisbn.com\/portal\/wp-content\/uploads\/2018\/09\/mosaico_recuperacaoBA0012.jpg\"><img loading=\"lazy\" decoding=\"async\" class=\"aligncenter wp-image-19679\" src=\"http:\/\/www.maisbn.com\/portal\/wp-content\/uploads\/2018\/09\/mosaico_recuperacaoBA0012.jpg\" alt=\"mosaico_recuperacaoBA0012\" width=\"601\" height=\"387\" \/><\/a><\/p>\n<p>A empresa SanJuan Engenharia, respons\u00e1vel pela obra de recupera\u00e7\u00e3o da BA-001 no trecho entre as cidades de Belmonte e Cabr\u00e1lia, iniciou os trabalhos na manh\u00e3 dessa quarta-feira (05\/09). Segundo informa\u00e7\u00f5es obtidas da SanJuan Engenharia, a primeira fase da opera\u00e7\u00e3o ser\u00e1 identificar os pontos mais cr\u00edticos, onde o asfalto ter\u00e1 que ser inteiramente retirado e refeito. As partes menos cr\u00edticas, passar\u00e3o por um refor\u00e7o da sustenta\u00e7\u00e3o da malha asf\u00e1ltica para prosseguir com o recapeamento uniforme da via.<\/p>\n<p><a href=\"http:\/\/www.maisbn.com\/portal\/wp-content\/uploads\/2018\/09\/marcocavalcante.jpeg\"><img loading=\"lazy\" decoding=\"async\" class=\"aligncenter wp-image-19680\" src=\"http:\/\/www.maisbn.com\/portal\/wp-content\/uploads\/2018\/09\/marcocavalcante-1000x750.jpeg\" alt=\"marcocavalcante\" width=\"600\" height=\"450\" \/><\/a><\/p>\n<p>As obras atendem a um pedido feito pessoalmente pelo Deputado Estadual J\u00e2nio Natal ao Governador Rui Costa e ao Secretario Estadual de Infraestrutura, Dr. Marcos Cavalcanti. Na ocasi\u00e3o, na companhia do Prefeito Janival Borges, Marcos Cavalcanti anunciou que o projeto j\u00e1 estava em sua finaliza\u00e7\u00e3o em maio e que estaria sendo encaminhado para licita\u00e7\u00e3o em julho. Dai ent\u00e3o, J\u00e2nio e Janival vieram acompanhando todo o processo, que teve um pequeno atraso e foi finalizado em agosto, com promessa de in\u00edcio da obra na primeira quinzena de setembro. &#8220;<strong><em>Sempre acontece um imprevisto ou outro no processo de licita\u00e7\u00e3o. Tentaram usar isso politicamente para tentar desacreditar a min e ao Deputado J\u00e2nio Natal, mas n\u00e3o conseguiram. Estamos respondendo as cr\u00edticas desferidas demonstrando o nosso trabalho. O trabalho de quem ama, se importa e tem uma hist\u00f3rica liga\u00e7\u00e3o com o povo de Belmonte. Muito diferente de candidatos forasteiros que s\u00f3 lembram de Belmonte quando chegam as elei\u00e7\u00f5es.&#8221;<\/em><\/strong> &#8211; Finalizou Janival<\/p>\n<p><iframe loading=\"lazy\" style=\"border: none; overflow: hidden;\" src=\"https:\/\/www.facebook.com\/plugins\/video.php?href=https%3A%2F%2Fwww.facebook.com%2Fjanionatal%2Fvideos%2F1521416974634609%2F&amp;show_text=0&amp;width=560\" width=\"560\" height=\"316\" frameborder=\"0\" scrolling=\"no\" allowfullscreen=\"allowfullscreen\"><\/iframe><\/p>\n<p>O gestor belmontense ainda informou que a Prefeitura est\u00e1 dando apoio aos trabalhos, agradeceu o compromisso do Governo do Estado e ressaltou a import\u00e2ncia da recondu\u00e7\u00e3o do Deputado J\u00e2nio Natal ao parlamento baiano.\u00a0<strong><em>&#8220;Agrade\u00e7o ao Governador Rui Costa e ao Secret\u00e1rio Marcos Cavalcanti por ter nos atendido e pelo compromisso com o povo de Belmonte e ressalto que precisamos de J\u00e2nio Natal para conseguirmos ainda maus conquistas para a nossa cidade.&#8221; &#8211;<\/em><\/strong> Informou Janival.<\/p>\n<p>&nbsp;<\/p>\n<p>&nbsp;<\/p>\n","protected":false},"excerpt":{"rendered":"<p>&nbsp; A empresa SanJuan Engenharia, respons\u00e1vel pela obra de recupera\u00e7\u00e3o da BA-001 no trecho entre as cidades de Belmonte e Cabr\u00e1lia, iniciou os trabalhos na manh\u00e3 dessa quarta-feira (05\/09). Segundo informa\u00e7\u00f5es obtidas da SanJuan Engenharia, a primeira fase da opera\u00e7\u00e3o ser\u00e1 identificar os pontos mais cr\u00edticos, onde o asfalto ter\u00e1 que ser inteiramente retirado e [&hellip;]<\/p>\n","protected":false},"author":7,"featured_media":19681,"comment_status":"open","ping_status":"open","sticky":false,"template":"","format":"standard","meta":{"footnotes":""},"categories":[45,1],"tags":[108],"class_list":["post-19677","post","type-post","status-publish","format-standard","has-post-thumbnail","hentry","category-cidades","category-noticias","tag-belmonte"],"_links":{"self":[{"href":"https:\/\/www.maisbn.com\/portal\/wp-json\/wp\/v2\/posts\/19677","targetHints":{"allow":["GET"]}}],"collection":[{"href":"https:\/\/www.maisbn.com\/portal\/wp-json\/wp\/v2\/posts"}],"about":[{"href":"https:\/\/www.maisbn.com\/portal\/wp-json\/wp\/v2\/types\/post"}],"author":[{"embeddable":true,"href":"https:\/\/www.maisbn.com\/portal\/wp-json\/wp\/v2\/users\/7"}],"replies":[{"embeddable":true,"href":"https:\/\/www.maisbn.com\/portal\/wp-json\/wp\/v2\/comments?post=19677"}],"version-history":[{"count":3,"href":"https:\/\/www.maisbn.com\/portal\/wp-json\/wp\/v2\/posts\/19677\/revisions"}],"predecessor-version":[{"id":19684,"href":"https:\/\/www.maisbn.com\/portal\/wp-json\/wp\/v2\/posts\/19677\/revisions\/19684"}],"wp:featuredmedia":[{"embeddable":true,"href":"https:\/\/www.maisbn.com\/portal\/wp-json\/wp\/v2\/media\/19681"}],"wp:attachment":[{"href":"https:\/\/www.maisbn.com\/portal\/wp-json\/wp\/v2\/media?parent=19677"}],"wp:term":[{"taxonomy":"category","embeddable":true,"href":"https:\/\/www.maisbn.com\/portal\/wp-json\/wp\/v2\/categories?post=19677"},{"taxonomy":"post_tag","embeddable":true,"href":"https:\/\/www.maisbn.com\/portal\/wp-json\/wp\/v2\/tags?post=19677"}],"curies":[{"name":"wp","href":"https:\/\/api.w.org\/{rel}","templated":true}]}}