{"id":19673,"date":"2018-09-03T16:55:39","date_gmt":"2018-09-03T19:55:39","guid":{"rendered":"http:\/\/www.maisbn.com\/portal\/?p=19673"},"modified":"2018-09-03T16:55:39","modified_gmt":"2018-09-03T19:55:39","slug":"programa-primeira-infancia-no-suas-realiza-atividade-em-parceria-com-a-escola-teixeira-de-freitas","status":"publish","type":"post","link":"https:\/\/www.maisbn.com\/portal\/2018\/09\/programa-primeira-infancia-no-suas-realiza-atividade-em-parceria-com-a-escola-teixeira-de-freitas\/","title":{"rendered":"Programa Primeira Inf\u00e2ncia no SUAS realiza atividade em parceria com a Escola Teixeira de Freitas."},"content":{"rendered":"<p>A equipe do Programa Primeira Inf\u00e2ncia (PIS) no SUAS (Sistema \u00danico de A\u00e7\u00e3o Social), em parceria com a dire\u00e7\u00e3o da Escola Municipal Teixeira de Freitas , realizou no \u00faltimo dia 31\/08 uma atividade intersetorial com os professores e alunos que estudam no 5\u00b0 ano do ensino fundamental. A a\u00e7\u00e3o se deu atrav\u00e9s de uma oficina de cria\u00e7\u00e3o de brinquedos com objetos recicl\u00e1veis, destacando-se a efetiva\u00e7\u00e3o da intersetorialidade do programa que depende de inst\u00e2ncias locais e do desenvolvimento de uma agenda articulada com todos os envolvidos.<\/p>\n<p><a href=\"http:\/\/www.maisbn.com\/portal\/wp-content\/uploads\/2018\/09\/IMG-20180831-WA0423.jpg\"><img loading=\"lazy\" decoding=\"async\" class=\"aligncenter  wp-image-19674\" src=\"http:\/\/www.maisbn.com\/portal\/wp-content\/uploads\/2018\/09\/IMG-20180831-WA0423-1000x782.jpg\" alt=\"IMG-20180831-WA0423\" width=\"600\" height=\"469\" srcset=\"https:\/\/www.maisbn.com\/portal\/wp-content\/uploads\/2018\/09\/IMG-20180831-WA0423-1000x782.jpg 1000w, https:\/\/www.maisbn.com\/portal\/wp-content\/uploads\/2018\/09\/IMG-20180831-WA0423-1279x1000.jpg 1279w, https:\/\/www.maisbn.com\/portal\/wp-content\/uploads\/2018\/09\/IMG-20180831-WA0423.jpg 1280w\" sizes=\"auto, (max-width: 600px) 100vw, 600px\" \/><\/a><\/p>\n<p>A equipe do PIS , ficou maravilhada com a receptividade e participa\u00e7\u00e3o de todos os envolvidos na atividade e destacou que \u00e9 de suma import\u00e2ncia que a intersetorialidade na pr\u00e1tica cotidiana seja apoiada pelo alinhamento entre as pol\u00edticas, abrangendo o planejamento, o desenvolvimento e o monitoramento das propostas a serem executadas. A equipe do programa \u00e9 composta por\u00a0 Ra\u00ed Cruz &#8211; Assistente Social \/ Supervisor e J\u00fanior Bel\u00e9m , Meires Concei\u00e7\u00e3o, Catiane Neiva, Jussiara Carvalho e Rosailda Nascimento ambos Visitadores. Os integrantes do PIS destacaram o empenho total do Secret\u00e1rio de A\u00e7\u00e3o Social, Claudio Soares e do Prefeito Janival Borges. Tamb\u00e9m lembraram do importante apoio da coordenadora do CRAS (Centro de Refer\u00eancia em A\u00e7\u00e3o Social) Vanderleia Fontolan no processo de execu\u00e7\u00e3o das a\u00e7\u00f5es que norteiam as atividades, se preocupando com o bem estar de toda a equipe e com a qualidade dos materiais utilizados.<\/p>\n<p><a href=\"http:\/\/www.maisbn.com\/portal\/wp-content\/uploads\/2018\/09\/mosaico_crassuas.jpg\"><img loading=\"lazy\" decoding=\"async\" class=\"aligncenter  wp-image-19675\" src=\"http:\/\/www.maisbn.com\/portal\/wp-content\/uploads\/2018\/09\/mosaico_crassuas.jpg\" alt=\"mosaico_crassuas\" width=\"602\" height=\"387\" \/><\/a><\/p>\n<p>Ao final foi colocado que o compromisso da gest\u00e3o e a responsabilidade para com a primeira inf\u00e2ncia, bem como com as a\u00e7\u00f5es organizadas e articuladas em v\u00e1rios setores pelo Programa Primeira Inf\u00e2ncia e coordena\u00e7\u00e3o do CRAS tem mudado a realidade das fam\u00edlias atendidas de forma direta e indireta pelo PIS e outros equipamentos que funcionam dentro do CRAS. Foi destacado que o Brasil avan\u00e7ou, na \u00faltima d\u00e9cada, na implementa\u00e7\u00e3o de pol\u00edticas sociais territorializadas e organizadas, em grande parte, por meio de sistemas p\u00fablicos de gest\u00e3o, com respeito ao pacto federativo.<\/p>\n","protected":false},"excerpt":{"rendered":"<p>A equipe do Programa Primeira Inf\u00e2ncia (PIS) no SUAS (Sistema \u00danico de A\u00e7\u00e3o Social), em parceria com a dire\u00e7\u00e3o da Escola Municipal Teixeira de Freitas , realizou no \u00faltimo dia 31\/08 uma atividade intersetorial com os professores e alunos que estudam no 5\u00b0 ano do ensino fundamental. A a\u00e7\u00e3o se deu atrav\u00e9s de uma oficina [&hellip;]<\/p>\n","protected":false},"author":7,"featured_media":19675,"comment_status":"open","ping_status":"open","sticky":false,"template":"","format":"standard","meta":{"footnotes":""},"categories":[45,1],"tags":[108],"class_list":["post-19673","post","type-post","status-publish","format-standard","has-post-thumbnail","hentry","category-cidades","category-noticias","tag-belmonte"],"_links":{"self":[{"href":"https:\/\/www.maisbn.com\/portal\/wp-json\/wp\/v2\/posts\/19673","targetHints":{"allow":["GET"]}}],"collection":[{"href":"https:\/\/www.maisbn.com\/portal\/wp-json\/wp\/v2\/posts"}],"about":[{"href":"https:\/\/www.maisbn.com\/portal\/wp-json\/wp\/v2\/types\/post"}],"author":[{"embeddable":true,"href":"https:\/\/www.maisbn.com\/portal\/wp-json\/wp\/v2\/users\/7"}],"replies":[{"embeddable":true,"href":"https:\/\/www.maisbn.com\/portal\/wp-json\/wp\/v2\/comments?post=19673"}],"version-history":[{"count":1,"href":"https:\/\/www.maisbn.com\/portal\/wp-json\/wp\/v2\/posts\/19673\/revisions"}],"predecessor-version":[{"id":19676,"href":"https:\/\/www.maisbn.com\/portal\/wp-json\/wp\/v2\/posts\/19673\/revisions\/19676"}],"wp:featuredmedia":[{"embeddable":true,"href":"https:\/\/www.maisbn.com\/portal\/wp-json\/wp\/v2\/media\/19675"}],"wp:attachment":[{"href":"https:\/\/www.maisbn.com\/portal\/wp-json\/wp\/v2\/media?parent=19673"}],"wp:term":[{"taxonomy":"category","embeddable":true,"href":"https:\/\/www.maisbn.com\/portal\/wp-json\/wp\/v2\/categories?post=19673"},{"taxonomy":"post_tag","embeddable":true,"href":"https:\/\/www.maisbn.com\/portal\/wp-json\/wp\/v2\/tags?post=19673"}],"curies":[{"name":"wp","href":"https:\/\/api.w.org\/{rel}","templated":true}]}}