{"id":19634,"date":"2018-08-31T21:48:53","date_gmt":"2018-09-01T00:48:53","guid":{"rendered":"http:\/\/www.maisbn.com\/portal\/?p=19634"},"modified":"2018-08-31T21:48:53","modified_gmt":"2018-09-01T00:48:53","slug":"entidades-se-reunem-para-discutir-acoes-de-protecao-dos-direitos-da-crianca-e-do-adolescente-em-belmonte","status":"publish","type":"post","link":"https:\/\/www.maisbn.com\/portal\/2018\/08\/entidades-se-reunem-para-discutir-acoes-de-protecao-dos-direitos-da-crianca-e-do-adolescente-em-belmonte\/","title":{"rendered":"Entidades se re\u00fanem para discutir a\u00e7\u00f5es de prote\u00e7\u00e3o dos direitos da Crian\u00e7a e do Adolescente em Belmonte."},"content":{"rendered":"<p>A ONG\u00a0Childhood Brasil, em parceria com a Veracel e a Prefeitura Municipal de Belmonte, realizou uma reuni\u00e3o nessa sexta-feira (31\/08) para discutir a pol\u00edtica de Fortalecimento da Prote\u00e7\u00e3o da Inf\u00e2ncia e Adolesc\u00eancia na cidade. O evento aconteceu na sede do Centro de Refer\u00eancia de Assist\u00eancia Social (CRAS) e estiveram presentes representantes do Sistema Municipal de Prote\u00e7\u00e3o da Crian\u00e7a e do Adolescente e representantes da Pol\u00edcia Civil, da Pol\u00edcia Militar e do Poder Judici\u00e1rio.<\/p>\n<p><a href=\"http:\/\/www.maisbn.com\/portal\/wp-content\/uploads\/2018\/08\/rededeprotecao01.jpeg\"><img loading=\"lazy\" decoding=\"async\" class=\"aligncenter  wp-image-19635\" src=\"http:\/\/www.maisbn.com\/portal\/wp-content\/uploads\/2018\/08\/rededeprotecao01.jpeg\" alt=\"rededeprotecao01\" width=\"600\" height=\"338\" \/><\/a><\/p>\n<p>Nas discuss\u00f5es foi proposta a cria\u00e7\u00e3o de um diagn\u00f3stico apurado da Rede de Prote\u00e7\u00e3o Municipal e da Forma\u00e7\u00e3o Continuada dos Profissionais que comp\u00f5em o Sistema de Garantida dos Direitos Humanos da Crian\u00e7a e do Adolescente (SGDH). Tamb\u00e9m foi abordada a cria\u00e7\u00e3o de um Plano Municipal de Enfrentamento \u00e0 Viol\u00eancia Sexual contra Crian\u00e7as e a cria\u00e7\u00e3o de um Comit\u00ea Gestor Local.<\/p>\n<p><a href=\"http:\/\/www.maisbn.com\/portal\/wp-content\/uploads\/2018\/08\/mosaico_redeprotecao.jpg\"><img loading=\"lazy\" decoding=\"async\" class=\"aligncenter  wp-image-19636\" src=\"http:\/\/www.maisbn.com\/portal\/wp-content\/uploads\/2018\/08\/mosaico_redeprotecao.jpg\" alt=\"mosaico_redeprotecao\" width=\"600\" height=\"386\" \/><\/a><\/p>\n<p>Os representantes da\u00a0Childhood Brasil ressaltaram que o evento teve bons resultados, que as discuss\u00f5es foram proveitosas e que as id\u00e9ias apresentadas durante a reuni\u00e3o ser\u00e3o aproveitadas para as fun\u00e7\u00f5es a serem realizadas pelas entidades que compor\u00e3o a Rede de Prote\u00e7\u00e3o Municipal de Prote\u00e7\u00e3o dos Direitos Humanos, da Crian\u00e7a e do Adolescente. Sugest\u00f5es tamb\u00e9m foram aproveitadas para a forma\u00e7\u00e3o do Comit\u00ea Gestor Local que cuidar\u00e1 da operacionaliza\u00e7\u00e3o dos trabalhos a serem realizados.<\/p>\n","protected":false},"excerpt":{"rendered":"<p>A ONG\u00a0Childhood Brasil, em parceria com a Veracel e a Prefeitura Municipal de Belmonte, realizou uma reuni\u00e3o nessa sexta-feira (31\/08) para discutir a pol\u00edtica de Fortalecimento da Prote\u00e7\u00e3o da Inf\u00e2ncia e Adolesc\u00eancia na cidade. O evento aconteceu na sede do Centro de Refer\u00eancia de Assist\u00eancia Social (CRAS) e estiveram presentes representantes do Sistema Municipal de [&hellip;]<\/p>\n","protected":false},"author":7,"featured_media":19635,"comment_status":"open","ping_status":"open","sticky":false,"template":"","format":"standard","meta":{"footnotes":""},"categories":[45,1],"tags":[108],"class_list":["post-19634","post","type-post","status-publish","format-standard","has-post-thumbnail","hentry","category-cidades","category-noticias","tag-belmonte"],"_links":{"self":[{"href":"https:\/\/www.maisbn.com\/portal\/wp-json\/wp\/v2\/posts\/19634","targetHints":{"allow":["GET"]}}],"collection":[{"href":"https:\/\/www.maisbn.com\/portal\/wp-json\/wp\/v2\/posts"}],"about":[{"href":"https:\/\/www.maisbn.com\/portal\/wp-json\/wp\/v2\/types\/post"}],"author":[{"embeddable":true,"href":"https:\/\/www.maisbn.com\/portal\/wp-json\/wp\/v2\/users\/7"}],"replies":[{"embeddable":true,"href":"https:\/\/www.maisbn.com\/portal\/wp-json\/wp\/v2\/comments?post=19634"}],"version-history":[{"count":1,"href":"https:\/\/www.maisbn.com\/portal\/wp-json\/wp\/v2\/posts\/19634\/revisions"}],"predecessor-version":[{"id":19637,"href":"https:\/\/www.maisbn.com\/portal\/wp-json\/wp\/v2\/posts\/19634\/revisions\/19637"}],"wp:featuredmedia":[{"embeddable":true,"href":"https:\/\/www.maisbn.com\/portal\/wp-json\/wp\/v2\/media\/19635"}],"wp:attachment":[{"href":"https:\/\/www.maisbn.com\/portal\/wp-json\/wp\/v2\/media?parent=19634"}],"wp:term":[{"taxonomy":"category","embeddable":true,"href":"https:\/\/www.maisbn.com\/portal\/wp-json\/wp\/v2\/categories?post=19634"},{"taxonomy":"post_tag","embeddable":true,"href":"https:\/\/www.maisbn.com\/portal\/wp-json\/wp\/v2\/tags?post=19634"}],"curies":[{"name":"wp","href":"https:\/\/api.w.org\/{rel}","templated":true}]}}