{"id":19623,"date":"2018-08-31T13:52:24","date_gmt":"2018-08-31T16:52:24","guid":{"rendered":"http:\/\/www.maisbn.com\/portal\/?p=19623"},"modified":"2018-08-31T13:52:24","modified_gmt":"2018-08-31T16:52:24","slug":"propaganda-eleitoral-no-radio-e-na-tv-comeca-nesta-sexta-feira-veja-regras","status":"publish","type":"post","link":"https:\/\/www.maisbn.com\/portal\/2018\/08\/propaganda-eleitoral-no-radio-e-na-tv-comeca-nesta-sexta-feira-veja-regras\/","title":{"rendered":"Propaganda eleitoral no r\u00e1dio e na TV come\u00e7a nesta sexta-feira; veja regras"},"content":{"rendered":"<div class=\"mc-column content-text active-extra-styles active-capital-letter\" data-block-type=\"unstyled\" data-block-weight=\"31\" data-block-id=\"2\">\n<p class=\"content-text__container theme-color-primary-first-letter\" data-track-category=\"Link no Texto\" data-track-links=\"\"><a href=\"http:\/\/www.maisbn.com\/portal\/wp-content\/uploads\/2018\/08\/tempo.jpg\"><img loading=\"lazy\" decoding=\"async\" class=\"aligncenter  wp-image-19624\" src=\"http:\/\/www.maisbn.com\/portal\/wp-content\/uploads\/2018\/08\/tempo-1000x735.jpg\" alt=\"tempo\" width=\"600\" height=\"441\" \/><\/a><\/p>\n<p class=\"content-text__container theme-color-primary-first-letter\" data-track-category=\"Link no Texto\" data-track-links=\"\">A propaganda eleitoral gratuita no r\u00e1dio e na televis\u00e3o dos candidatos que concorrem \u00e0s elei\u00e7\u00f5es de outubro come\u00e7a nesta sexta-feira (31). No primeiro turno, a propaganda vai at\u00e9 4 de outubro.<\/p>\n<p class=\"content-text__container theme-color-primary-first-letter\" data-track-category=\"Link no Texto\" data-track-links=\"\"><strong>Segundas, quartas e sextas-feiras<\/strong>: propaganda dos candidatos a senador (7 minutos di\u00e1rios), deputado estadual ou distrital (9 minutos di\u00e1rios) e governador (9 minutos di\u00e1rios).<\/p>\n<p class=\"content-text__container theme-color-primary-first-letter\" data-track-category=\"Link no Texto\" data-track-links=\"\"><strong>Ter\u00e7as, quintas e s\u00e1bados<\/strong>: propaganda dos candidatos a presidente (12 minutos e 30 segundos) e a deputado federal (12 minutos e 30 segundos).<\/p>\n<\/div>\n<div class=\"wall\">\n<div class=\"mc-column content-text active-extra-styles \" data-block-type=\"unstyled\" data-block-weight=\"35\" data-block-id=\"4\">\n<p class=\"content-text__container \" data-track-category=\"Link no Texto\" data-track-links=\"\">Al\u00e9m disso, de segunda-feira a domingo, 70 minutos di\u00e1rios ser\u00e3o reservados para a propaganda gratuita na forma de inser\u00e7\u00f5es de 30 e 60 segundos, a crit\u00e9rio do partido pol\u00edtico ou coliga\u00e7\u00e3o, das 5h \u00e0 meia-noite. Na ter\u00e7a (28), o\u00a0TSE aprovou a resolu\u00e7\u00e3o que regulamenta o plano de m\u00eddia\u00a0para os candidatos a presidente da Rep\u00fablica. No r\u00e1dio, haver\u00e1 um bloco \u00e0s 7h e outro \u00e0s 12h. Na TV, o primeiro bloco ser\u00e1 \u00e0s 13h e o segundo, \u00e0s 20h30.<\/p>\n<\/div>\n<div class=\"mc-column content-text active-extra-styles\" data-block-type=\"raw\" data-block-weight=\"1\" data-block-id=\"6\">\n<div class=\"content-intertitle\">\n<h2>Regras<\/h2>\n<\/div>\n<\/div>\n<div class=\"mc-column content-text active-extra-styles \" data-block-type=\"unstyled\" data-block-weight=\"48\" data-block-id=\"7\">\n<p class=\"content-text__container \" data-track-category=\"Link no Texto\" data-track-links=\"\">Segundo a lei, a propaganda eleitoral gratuita na televis\u00e3o deve utilizar, entre outros recursos, subtitula\u00e7\u00e3o por meio de legenda oculta (chamado &#8220;closed caption&#8221;), janela com int\u00e9rprete de linguagem de Libras (L\u00edngua Brasileira de Sinais) e audiodescri\u00e7\u00e3o (para cegos e deficientes visuais), sob responsabilidade dos partidos e das coliga\u00e7\u00f5es. A lei pro\u00edbe a veicula\u00e7\u00e3o de propaganda que possa degradar ou ridicularizar candidatos, sob pena de perda do direito \u00e0 veicula\u00e7\u00e3o no dia seguinte ao da decis\u00e3o.<\/p>\n<\/div>\n<div class=\"mc-column content-text active-extra-styles \" data-block-type=\"unstyled\" data-block-weight=\"19\" data-block-id=\"9\">\n<p class=\"content-text__container \" data-track-category=\"Link no Texto\" data-track-links=\"\">Em caso de reincid\u00eancia, h\u00e1 a suspens\u00e3o tempor\u00e1ria da participa\u00e7\u00e3o do partido ou da coliga\u00e7\u00e3o no programa eleitoral gratuito. A legisla\u00e7\u00e3o em vigor tamb\u00e9m veda a propaganda paga no r\u00e1dio e na televis\u00e3o.<\/p>\n<\/div>\n<div class=\"mc-column content-text active-extra-styles\" data-block-type=\"raw\" data-block-weight=\"3\" data-block-id=\"11\">\n<div class=\"content-intertitle\">\n<h2>Entrevistas e pesquisas<\/h2>\n<\/div>\n<\/div>\n<div class=\"mc-column content-text active-extra-styles \" data-block-type=\"unstyled\" data-block-weight=\"47\" data-block-id=\"12\">\n<p class=\"content-text__container \" data-track-category=\"Link no Texto\" data-track-links=\"\">Segundo o TSE, \u00e9 permitida a veicula\u00e7\u00e3o de entrevistas com o candidato e de cenas externas em que ele, pessoalmente, divulgue as realiza\u00e7\u00f5es de governo ou da administra\u00e7\u00e3o p\u00fablica, falhas administrativas e defici\u00eancias em obras e servi\u00e7os p\u00fablicos em geral, al\u00e9m de atos parlamentares e debates legislativos.<\/p>\n<p class=\"content-text__container \" data-track-category=\"Link no Texto\" data-track-links=\"\"><em><strong>Fonte: G1.com<\/strong><\/em><\/p>\n<\/div>\n<\/div>\n","protected":false},"excerpt":{"rendered":"<p>A propaganda eleitoral gratuita no r\u00e1dio e na televis\u00e3o dos candidatos que concorrem \u00e0s elei\u00e7\u00f5es de outubro come\u00e7a nesta sexta-feira (31). No primeiro turno, a propaganda vai at\u00e9 4 de outubro. Segundas, quartas e sextas-feiras: propaganda dos candidatos a senador (7 minutos di\u00e1rios), deputado estadual ou distrital (9 minutos di\u00e1rios) e governador (9 minutos di\u00e1rios). [&hellip;]<\/p>\n","protected":false},"author":7,"featured_media":19624,"comment_status":"open","ping_status":"open","sticky":false,"template":"","format":"standard","meta":{"footnotes":""},"categories":[45,1],"tags":[108],"class_list":["post-19623","post","type-post","status-publish","format-standard","has-post-thumbnail","hentry","category-cidades","category-noticias","tag-belmonte"],"_links":{"self":[{"href":"https:\/\/www.maisbn.com\/portal\/wp-json\/wp\/v2\/posts\/19623","targetHints":{"allow":["GET"]}}],"collection":[{"href":"https:\/\/www.maisbn.com\/portal\/wp-json\/wp\/v2\/posts"}],"about":[{"href":"https:\/\/www.maisbn.com\/portal\/wp-json\/wp\/v2\/types\/post"}],"author":[{"embeddable":true,"href":"https:\/\/www.maisbn.com\/portal\/wp-json\/wp\/v2\/users\/7"}],"replies":[{"embeddable":true,"href":"https:\/\/www.maisbn.com\/portal\/wp-json\/wp\/v2\/comments?post=19623"}],"version-history":[{"count":1,"href":"https:\/\/www.maisbn.com\/portal\/wp-json\/wp\/v2\/posts\/19623\/revisions"}],"predecessor-version":[{"id":19625,"href":"https:\/\/www.maisbn.com\/portal\/wp-json\/wp\/v2\/posts\/19623\/revisions\/19625"}],"wp:featuredmedia":[{"embeddable":true,"href":"https:\/\/www.maisbn.com\/portal\/wp-json\/wp\/v2\/media\/19624"}],"wp:attachment":[{"href":"https:\/\/www.maisbn.com\/portal\/wp-json\/wp\/v2\/media?parent=19623"}],"wp:term":[{"taxonomy":"category","embeddable":true,"href":"https:\/\/www.maisbn.com\/portal\/wp-json\/wp\/v2\/categories?post=19623"},{"taxonomy":"post_tag","embeddable":true,"href":"https:\/\/www.maisbn.com\/portal\/wp-json\/wp\/v2\/tags?post=19623"}],"curies":[{"name":"wp","href":"https:\/\/api.w.org\/{rel}","templated":true}]}}