{"id":19545,"date":"2018-08-20T11:22:11","date_gmt":"2018-08-20T14:22:11","guid":{"rendered":"http:\/\/www.maisbn.com\/portal\/?p=19545"},"modified":"2018-08-20T11:22:11","modified_gmt":"2018-08-20T14:22:11","slug":"manifestantes-poe-fim-ao-bloqueio-na-ba-001","status":"publish","type":"post","link":"https:\/\/www.maisbn.com\/portal\/2018\/08\/manifestantes-poe-fim-ao-bloqueio-na-ba-001\/","title":{"rendered":"Manifestantes p\u00f5e fim ao bloqueio na BA-001."},"content":{"rendered":"<p style=\"text-align: left;\">Manifestantes desbloquearam a rodovia BA-001 por volta das 11:00Hrs dessa segunda-feira (20\/08) depois de um acordo com a Pol\u00edcia Militar.<\/p>\n<p><a href=\"http:\/\/www.maisbn.com\/portal\/wp-content\/uploads\/2018\/08\/bloqueioestrada00002.jpg\"><img loading=\"lazy\" decoding=\"async\" class=\"aligncenter wp-image-19540\" src=\"http:\/\/www.maisbn.com\/portal\/wp-content\/uploads\/2018\/08\/bloqueioestrada00002.jpg\" alt=\"bloqueioestrada00002\" width=\"600\" height=\"385\" \/><\/a><\/p>\n<p>Os l\u00edderes do movimento fizeram duras cr\u00edticas ao Prefeito Janival Borges e informaram que outras manifesta\u00e7\u00f5es acontecer\u00e3o na cidade, j\u00e1 que, essa promessa vem desde os tempos do Governador Jaques Vagner que prometeu em pra\u00e7a p\u00fablica que a recupera\u00e7\u00e3o seria realizada pelo Governador Rui Costa.<\/p>\n<p><a href=\"http:\/\/www.maisbn.com\/portal\/wp-content\/uploads\/2018\/08\/bloqueioestrada00001.jpg\"><img loading=\"lazy\" decoding=\"async\" class=\"aligncenter wp-image-19546\" src=\"http:\/\/www.maisbn.com\/portal\/wp-content\/uploads\/2018\/08\/bloqueioestrada00001.jpg\" alt=\"bloqueioestrada00001\" width=\"600\" height=\"385\" \/><\/a><\/p>\n<p>O Prefeito Janival Borges informou nessa manh\u00e3 que os manifestantes n\u00e3o aceitam negociar\u00a0 e classificou o movimento como iminentemente pol\u00edtico e sem necessidade. Por isso solicitou a interven\u00e7\u00e3o da Pol\u00edcia Militar nas negocia\u00e7\u00f5es.&#8221;<strong><em>Eu tentei chamar os l\u00edderes para conversar e eles n\u00e3o aceitaram. Houve um pequeno atraso que j\u00e1 foi resolvido e as obras est\u00e3o previstas para serem iniciadas na primeira quinzena de setembro. A popula\u00e7\u00e3o est\u00e1 totalmente ref\u00e9m de pessoas que querem radicalizar o movimento para tentar usar isso politicamente. Quem est\u00e1 sofrendo \u00e9 o povo de Belmonte que est\u00e1 tendo o seu direito de ir e vir prejudicado.&#8221;<\/em><\/strong> &#8211; Finalizou Janival.<\/p>\n<p>&nbsp;<\/p>\n","protected":false},"excerpt":{"rendered":"<p>Manifestantes desbloquearam a rodovia BA-001 por volta das 11:00Hrs dessa segunda-feira (20\/08) depois de um acordo com a Pol\u00edcia Militar. Os l\u00edderes do movimento fizeram duras cr\u00edticas ao Prefeito Janival Borges e informaram que outras manifesta\u00e7\u00f5es acontecer\u00e3o na cidade, j\u00e1 que, essa promessa vem desde os tempos do Governador Jaques Vagner que prometeu em pra\u00e7a [&hellip;]<\/p>\n","protected":false},"author":7,"featured_media":19546,"comment_status":"open","ping_status":"open","sticky":false,"template":"","format":"standard","meta":{"footnotes":""},"categories":[45,1],"tags":[108],"class_list":["post-19545","post","type-post","status-publish","format-standard","has-post-thumbnail","hentry","category-cidades","category-noticias","tag-belmonte"],"_links":{"self":[{"href":"https:\/\/www.maisbn.com\/portal\/wp-json\/wp\/v2\/posts\/19545","targetHints":{"allow":["GET"]}}],"collection":[{"href":"https:\/\/www.maisbn.com\/portal\/wp-json\/wp\/v2\/posts"}],"about":[{"href":"https:\/\/www.maisbn.com\/portal\/wp-json\/wp\/v2\/types\/post"}],"author":[{"embeddable":true,"href":"https:\/\/www.maisbn.com\/portal\/wp-json\/wp\/v2\/users\/7"}],"replies":[{"embeddable":true,"href":"https:\/\/www.maisbn.com\/portal\/wp-json\/wp\/v2\/comments?post=19545"}],"version-history":[{"count":3,"href":"https:\/\/www.maisbn.com\/portal\/wp-json\/wp\/v2\/posts\/19545\/revisions"}],"predecessor-version":[{"id":19549,"href":"https:\/\/www.maisbn.com\/portal\/wp-json\/wp\/v2\/posts\/19545\/revisions\/19549"}],"wp:featuredmedia":[{"embeddable":true,"href":"https:\/\/www.maisbn.com\/portal\/wp-json\/wp\/v2\/media\/19546"}],"wp:attachment":[{"href":"https:\/\/www.maisbn.com\/portal\/wp-json\/wp\/v2\/media?parent=19545"}],"wp:term":[{"taxonomy":"category","embeddable":true,"href":"https:\/\/www.maisbn.com\/portal\/wp-json\/wp\/v2\/categories?post=19545"},{"taxonomy":"post_tag","embeddable":true,"href":"https:\/\/www.maisbn.com\/portal\/wp-json\/wp\/v2\/tags?post=19545"}],"curies":[{"name":"wp","href":"https:\/\/api.w.org\/{rel}","templated":true}]}}