{"id":19537,"date":"2018-08-20T07:21:10","date_gmt":"2018-08-20T10:21:10","guid":{"rendered":"http:\/\/www.maisbn.com\/portal\/?p=19537"},"modified":"2018-08-20T07:32:43","modified_gmt":"2018-08-20T10:32:43","slug":"manifestantes-bloqueiam-a-ba-001-para-exigir-celeridade-no-processo-de-recuperacao-da-rodovia","status":"publish","type":"post","link":"https:\/\/www.maisbn.com\/portal\/2018\/08\/manifestantes-bloqueiam-a-ba-001-para-exigir-celeridade-no-processo-de-recuperacao-da-rodovia\/","title":{"rendered":"Manifestantes bloqueiam a BA-001 para exigir celeridade no processo de recupera\u00e7\u00e3o da rodovia."},"content":{"rendered":"<p>Manifestantes fecharam mais uma vez a BA-001 no trecho que liga os munic\u00edpios de Santa Cruz Cabr\u00e1lia e Belmonte na madrugada dessa segunda-feira (20\/08). Existem dois pontos de bloqueio, 01 na altura do Km-08 e outro na altura do Trevo do Rio Preto. O objetivo do movimento foi mais uma vez protestar contra as condi\u00e7\u00f5es do asfalto que est\u00e1 cheio de buracos e cobrar agilidade no processo de licita\u00e7\u00e3o para a recupera\u00e7\u00e3o da rodovia. Os manifestantes cobram o cumprimento da promessa de que as obras de recupera\u00e7\u00e3o da rodovia que come\u00e7ariam no \u00faltimo dia 15\/08, conforme acordo que p\u00f4s fim ao \u00faltimo bloqueio realizado em julho. Apenas ve\u00edculos de emerg\u00eancia est\u00e3o tendo o tr\u00e2nsito liberado.<\/p>\n<p><a href=\"http:\/\/www.maisbn.com\/portal\/wp-content\/uploads\/2018\/08\/bloqueioestrada00002.jpg\"><img loading=\"lazy\" decoding=\"async\" class=\"aligncenter wp-image-19540\" src=\"http:\/\/www.maisbn.com\/portal\/wp-content\/uploads\/2018\/08\/bloqueioestrada00002.jpg\" alt=\"bloqueioestrada00002\" width=\"600\" height=\"385\" \/><\/a><\/p>\n<p>Nossa equipe ainda na noite desse domingo (19\/08) conseguiu entrar em contato com o Prefeito Janival Borges que classificou como precipitada e sem cabimento a atitude dos manifestantes. O gestor colocou que entende a revolta da popula\u00e7\u00e3o, mas ressalta que o processo est\u00e1 em andamento, a licita\u00e7\u00e3o j\u00e1 foi finalizada e os representantes da empresa ganhadora do certame est\u00e3o vindo de Salvador essa semana para escolher o local onde ser\u00e1 montada a estrutura para o in\u00edcio da recupera\u00e7\u00e3o. <strong><em>&#8220;Eu chamei os l\u00edderes do movimento essa semana para explicar que a demora foi causada por um pequeno atraso na assinatura do contrato da obra que j\u00e1 foi resolvido. Eles n\u00e3o quiseram conversar e querem resolver as coisas na marra. Eu e o Deputado J\u00e2nio Natal estamos acompanhando todas as fases do processo e asseguro que a recupera\u00e7\u00e3o vai acontecer. Eu sou a favor do movimento e n\u00e3o \u00e0 imposi\u00e7\u00e3o de pessoas que querem tirar proveito pol\u00edtico da situa\u00e7\u00e3o impondo radicalismo sem espa\u00e7o para a negocia\u00e7\u00e3o.&#8221;<\/em> <\/strong>&#8211; Finalizou Janival.<\/p>\n<p><a href=\"http:\/\/www.maisbn.com\/portal\/wp-content\/uploads\/2018\/08\/mosaico_bloqueionaba0001zero02.jpg\"><img loading=\"lazy\" decoding=\"async\" class=\"aligncenter wp-image-19541\" src=\"http:\/\/www.maisbn.com\/portal\/wp-content\/uploads\/2018\/08\/mosaico_bloqueionaba0001zero02.jpg\" alt=\"mosaico_bloqueionaba0001zero02\" width=\"600\" height=\"386\" \/><\/a><\/p>\n<p>Dessa vez, os manifestantes fizeram um movimento mais organizado, onde foi informado que haver\u00e3o revezamentos das pessoas no bloqueio e estrutura que fornecer\u00e1 \u00e1gua, comida e assist\u00eancia para que o movimento dure por muitos dias at\u00e9 o Governo do Estado iniciar definitivamente a obra. Durante toda a semana os organizadores colheram doa\u00e7\u00f5es no com\u00e9rcio e dizem que agora est\u00e3o mais preparados do que em julho. &#8220;<em><strong>N\u00f3s n\u00e3o queremos que as obras comecem no in\u00edcio de setembro. Queremos que comece agora como foi prometido na \u00faltima manifesta\u00e7\u00e3o. S\u00f3 sairemos daqui quando o Governador Rui Costa cumprir a promessa que fez ao povo de Belmonte.&#8221;<\/strong><\/em> &#8211; Comentou um dos manifestantes.<\/p>\n","protected":false},"excerpt":{"rendered":"<p>Manifestantes fecharam mais uma vez a BA-001 no trecho que liga os munic\u00edpios de Santa Cruz Cabr\u00e1lia e Belmonte na madrugada dessa segunda-feira (20\/08). Existem dois pontos de bloqueio, 01 na altura do Km-08 e outro na altura do Trevo do Rio Preto. O objetivo do movimento foi mais uma vez protestar contra as condi\u00e7\u00f5es [&hellip;]<\/p>\n","protected":false},"author":7,"featured_media":19540,"comment_status":"open","ping_status":"open","sticky":false,"template":"","format":"standard","meta":{"footnotes":""},"categories":[45,1],"tags":[108],"class_list":["post-19537","post","type-post","status-publish","format-standard","has-post-thumbnail","hentry","category-cidades","category-noticias","tag-belmonte"],"_links":{"self":[{"href":"https:\/\/www.maisbn.com\/portal\/wp-json\/wp\/v2\/posts\/19537","targetHints":{"allow":["GET"]}}],"collection":[{"href":"https:\/\/www.maisbn.com\/portal\/wp-json\/wp\/v2\/posts"}],"about":[{"href":"https:\/\/www.maisbn.com\/portal\/wp-json\/wp\/v2\/types\/post"}],"author":[{"embeddable":true,"href":"https:\/\/www.maisbn.com\/portal\/wp-json\/wp\/v2\/users\/7"}],"replies":[{"embeddable":true,"href":"https:\/\/www.maisbn.com\/portal\/wp-json\/wp\/v2\/comments?post=19537"}],"version-history":[{"count":4,"href":"https:\/\/www.maisbn.com\/portal\/wp-json\/wp\/v2\/posts\/19537\/revisions"}],"predecessor-version":[{"id":19544,"href":"https:\/\/www.maisbn.com\/portal\/wp-json\/wp\/v2\/posts\/19537\/revisions\/19544"}],"wp:featuredmedia":[{"embeddable":true,"href":"https:\/\/www.maisbn.com\/portal\/wp-json\/wp\/v2\/media\/19540"}],"wp:attachment":[{"href":"https:\/\/www.maisbn.com\/portal\/wp-json\/wp\/v2\/media?parent=19537"}],"wp:term":[{"taxonomy":"category","embeddable":true,"href":"https:\/\/www.maisbn.com\/portal\/wp-json\/wp\/v2\/categories?post=19537"},{"taxonomy":"post_tag","embeddable":true,"href":"https:\/\/www.maisbn.com\/portal\/wp-json\/wp\/v2\/tags?post=19537"}],"curies":[{"name":"wp","href":"https:\/\/api.w.org\/{rel}","templated":true}]}}