{"id":19506,"date":"2018-08-17T17:11:45","date_gmt":"2018-08-17T20:11:45","guid":{"rendered":"http:\/\/www.maisbn.com\/portal\/?p=19506"},"modified":"2018-08-17T17:11:45","modified_gmt":"2018-08-17T20:11:45","slug":"secretaria-de-educacao-realiza-cerimonia-de-premiacao-do-concurso-artistico-e-literario","status":"publish","type":"post","link":"https:\/\/www.maisbn.com\/portal\/2018\/08\/secretaria-de-educacao-realiza-cerimonia-de-premiacao-do-concurso-artistico-e-literario\/","title":{"rendered":"Secretaria de Educa\u00e7\u00e3o realiza cerim\u00f4nia de premia\u00e7\u00e3o do Concurso Art\u00edstico e Liter\u00e1rio."},"content":{"rendered":"<p>A Prefeitura Municipal de Belmonte, atrav\u00e9s de sua Secretaria de Educa\u00e7\u00e3o, promoveu na manh\u00e3 dessa quinta-feira (16\/08), na sede da 1\u00aa Igreja Batista,\u00a0 a premia\u00e7\u00e3o do Concurso Art\u00edstico e Liter\u00e1rio, onde participaram os alunos da rede municipal de ensino. O objetivo do projeto foi incentivar a criatividade dos alunos abordando a hist\u00f3ria, a cultura e as particularidades da cidade de Belmonte dentro dos projetos apresentados sempre sob a influ\u00eancia do tema da competi\u00e7\u00e3o que foi a frase <strong><em>&#8220;O meu olhar, a minha cidade&#8221;<\/em><\/strong>. Os alunos participantes do concurso tiveram acompanhamento de professores municipais que ficaram respons\u00e1veis por direcionar os estudos e a confec\u00e7\u00e3o das obras participantes da competi\u00e7\u00e3o.<\/p>\n<p><a href=\"http:\/\/www.maisbn.com\/portal\/wp-content\/uploads\/2018\/08\/premiacaoconcursoliterario00039.jpg\"><img loading=\"lazy\" decoding=\"async\" class=\"aligncenter  wp-image-19517\" src=\"http:\/\/www.maisbn.com\/portal\/wp-content\/uploads\/2018\/08\/premiacaoconcursoliterario00039.jpg\" alt=\"premiacaoconcursoliterario00039\" width=\"600\" height=\"385\" \/><\/a><\/p>\n<p><span style=\"color: #000000;\">Integraram a mesa de honra do evento o Prefeito Janival Borges, o Professor Mois\u00e9s Concei\u00e7\u00e3o representando a comiss\u00e3o julgadora, o Secret\u00e1rio Municipal de Agricultura, Francisco Lopes; O Secret\u00e1rio Municipal de Educa\u00e7\u00e3o, Paulo Carvalho e o Secretario Municipal de Turismo e Cultura, Herculano Assis. A premia\u00e7\u00e3o foi iniciada com a execu\u00e7\u00e3o dos Hinos Nacional e de Belmonte, logo ap\u00f3s, foi franqueada a palavra aos integrantes da mesa de honra.<\/span><\/p>\n<p><a href=\"http:\/\/www.maisbn.com\/portal\/wp-content\/uploads\/2018\/08\/mosaico_premiacaoconcursoliterario.jpg\"><img loading=\"lazy\" decoding=\"async\" class=\"aligncenter  wp-image-19518\" src=\"http:\/\/www.maisbn.com\/portal\/wp-content\/uploads\/2018\/08\/mosaico_premiacaoconcursoliterario.jpg\" alt=\"mosaico_premiacaoconcursoliterario\" width=\"600\" height=\"386\" \/><\/a><\/p>\n<p><span style=\"color: #000000;\">Se seguiu ent\u00e3o a premia\u00e7\u00e3o dos alunos, onde tivemos na <strong>CATEGORIA A &#8211; DESENHOS E FRASES<\/strong>\u00a0os seguintes alunos:<\/span><\/p>\n<p class=\"western\"><span style=\"color: #000000;\"><b>3\u00ba Lugar:<\/b> <u>R\u00cdCHARD GABRIEL SOUZA DA CRUZ<\/u>, da Escola Municipal Clemenceau Teixeira e sua professora <u>VILEIVA MATTOS<\/u><\/span><\/p>\n<p><span style=\"color: #000000;\"><b>2\u00ba Lugar:<\/b> <u>JO\u00c3O HENRIQUE DE JESUS SILVA<\/u>, da Escola Municipal Vit\u00f3ria Paternostro, e sua professora <u>RAIMUNDA RAMOS.<\/u><\/span><\/p>\n<p class=\"western\"><span style=\"color: #000000;\"><b>1\u00ba Lugar:<\/b><b> <\/b><u>ISABEL BADAR\u00d3 BARBOSA<\/u>, da Escola Municipal Prof. L\u00facio Coelho, e sua professora <u>JURANGL\u00d3RIA COELHO.<\/u><\/span><\/p>\n<p><span style=\"color: #000000;\">Na <strong>CATEGORIA B &#8211; REDA\u00c7\u00c3O<\/strong>\u00a0foram premiados os seguintes alunos:<\/span><\/p>\n<p class=\"western\"><span style=\"color: #000000;\"><b>3\u00ba Lugar:<\/b> <u>SINDY LORRANE DE ALMEIDA BAHIA<\/u>, da Escola Municipal Isaun\u00edlia Melo de Brito, e sua professora <u>VANILDES MEIRY BARBOSA DE ALMEIDA.<\/u><\/span><\/p>\n<p><span style=\"color: #000000;\"><b>2\u00ba Lugar:<\/b> <u>RAYSSA GOMES DE SOUZA<\/u>, da Escola Municipal Prof. L\u00edcia Maria Paternostro, e sua professora <u>NEUMA AGUIAR.<\/u><\/span><\/p>\n<p class=\"western\"><span style=\"color: #000000;\"><b>1\u00ba Lugar:<\/b><b> <\/b><u>HEVELY LET\u00cdCIA LAPA CORDEIRO<\/u>, da Escola Municipal Gl\u00e1ucia Paternostro Suzart, e sua professora <u>JANAILDES RODRIGUES<\/u>.<\/span><\/p>\n<p class=\"western\"><span style=\"color: #000000;\">Na <strong>CATEGORIA C &#8211; POESIA<\/strong>\u00a0foram premiados:<\/span><\/p>\n<p class=\"western\"><span style=\"color: #000000;\"><b>3\u00ba Lugar:<\/b> LARA MAGNAVITA ABREU COUTINHO, Funda\u00e7\u00e3o Educacional Pedro Calmon, e sua professora <u>Val\u00e9ria.b<\/u><\/span><\/p>\n<p class=\"western\"><span style=\"color: #000000;\"><b>2\u00ba Lugar:<\/b> MAYLANE SOUZA CASTOR, da Escola Municipal Ant\u00f4nio Carlos Magalh\u00e3es, e seu professor <u>JAKSON VIANA DE CASTOR.<\/u><\/span><\/p>\n<p class=\"western\"><span style=\"color: #000000;\"><b>1\u00ba Lugar:<\/b><b> <\/b>GRAZIELE DE ALMEIDA SILVA, da Escola Municipal Prof. Edgard Santos, e seu professor <u>THIAGO BRANCO<\/u>.<\/span><\/p>\n<p class=\"western\"><span style=\"color: #000000;\">Premia\u00e7\u00e3o da <strong>CATEGORIA D &#8211; PAR\u00d3DIA<\/strong>:<\/span><\/p>\n<p class=\"western\"><span style=\"color: #000000;\"><b>3\u00ba Lugar:<\/b> <u>CAU\u00ca MUELLER LIMA<\/u>, da Escola Municipal Prof. Edgard Santos, e sua professora <u>JULIANA FREITAS.<\/u><\/span><\/p>\n<p class=\"western\"><span style=\"color: #000000;\"><b>2\u00ba Lugar:<\/b> <u>BEATRIZ DE JESUS DA SILVA<\/u>, da Funda\u00e7\u00e3o Educacional Pedro Calmon, e seu professor <u>CLAUDIO TEODORO<\/u>.<\/span><\/p>\n<p class=\"western\"><span style=\"color: #000000;\"><b>1\u00ba Lugar:<\/b><b> <\/b><u>GESSIELY DE OLIVEIRA GOMES<\/u>, da Escola Municipal Menandro Minahim, e sua professora <u>GESSILEIDE GOMES DE OLIVEIRA<\/u>.<\/span><\/p>\n<p class=\"western\">Premia\u00e7\u00e3o da <strong>CATEGORIA E &#8211; CAUSOS E LENDAS POPULARES<\/strong>:<\/p>\n<p class=\"western\"><span style=\"color: #000000;\">&#8211; <u>AIALLA GABRIELLE CHAVES CONCEI\u00c7\u00c3O<\/u>, da Escola Municipal Ant\u00f4nio Carlos Magalh\u00e3es, e sua professora <u>MARIA DAJUDA.<\/u><\/span><\/p>\n<p class=\"western\"><a href=\"http:\/\/www.maisbn.com\/portal\/wp-content\/uploads\/2018\/08\/premiacaoconcursoliterario00070.jpg\"><img loading=\"lazy\" decoding=\"async\" class=\"aligncenter  wp-image-19519\" src=\"http:\/\/www.maisbn.com\/portal\/wp-content\/uploads\/2018\/08\/premiacaoconcursoliterario00070.jpg\" alt=\"premiacaoconcursoliterario00070\" width=\"600\" height=\"385\" \/><\/a><\/p>\n<p class=\"western\">Nossa equipe conversou com o Prefeito Janival Borges ap\u00f3s o encerramento da premia\u00e7\u00e3o, onde o mesmo fez quest\u00e3o de parabenizar a todos os educadores que trabalharam arduamente na implementa\u00e7\u00e3o do Concurso na rede p\u00fablica municipal de ensino. <strong><em>&#8220;Quero parabenizar a todos os profissionais da educa\u00e7\u00e3o que se esfor\u00e7aram para o sucesso desse concurso e sei que no cora\u00e7\u00e3o desses alunos a semente do amor e do orgulho \u00e0 nossa querida Belmonte foi plantada. Todos est\u00e3o de parab\u00e9ns e esse \u00e9 o exemplo que temos uma educa\u00e7\u00e3o de qualidade formada por profissionais de extrema excel\u00eancia.&#8221;<\/em><\/strong> &#8211; Finalizou Janival.<\/p>\n","protected":false},"excerpt":{"rendered":"<p>A Prefeitura Municipal de Belmonte, atrav\u00e9s de sua Secretaria de Educa\u00e7\u00e3o, promoveu na manh\u00e3 dessa quinta-feira (16\/08), na sede da 1\u00aa Igreja Batista,\u00a0 a premia\u00e7\u00e3o do Concurso Art\u00edstico e Liter\u00e1rio, onde participaram os alunos da rede municipal de ensino. O objetivo do projeto foi incentivar a criatividade dos alunos abordando a hist\u00f3ria, a cultura e [&hellip;]<\/p>\n","protected":false},"author":7,"featured_media":19517,"comment_status":"open","ping_status":"open","sticky":false,"template":"","format":"standard","meta":{"footnotes":""},"categories":[8,1],"tags":[108],"class_list":["post-19506","post","type-post","status-publish","format-standard","has-post-thumbnail","hentry","category-educacao","category-noticias","tag-belmonte"],"_links":{"self":[{"href":"https:\/\/www.maisbn.com\/portal\/wp-json\/wp\/v2\/posts\/19506","targetHints":{"allow":["GET"]}}],"collection":[{"href":"https:\/\/www.maisbn.com\/portal\/wp-json\/wp\/v2\/posts"}],"about":[{"href":"https:\/\/www.maisbn.com\/portal\/wp-json\/wp\/v2\/types\/post"}],"author":[{"embeddable":true,"href":"https:\/\/www.maisbn.com\/portal\/wp-json\/wp\/v2\/users\/7"}],"replies":[{"embeddable":true,"href":"https:\/\/www.maisbn.com\/portal\/wp-json\/wp\/v2\/comments?post=19506"}],"version-history":[{"count":2,"href":"https:\/\/www.maisbn.com\/portal\/wp-json\/wp\/v2\/posts\/19506\/revisions"}],"predecessor-version":[{"id":19520,"href":"https:\/\/www.maisbn.com\/portal\/wp-json\/wp\/v2\/posts\/19506\/revisions\/19520"}],"wp:featuredmedia":[{"embeddable":true,"href":"https:\/\/www.maisbn.com\/portal\/wp-json\/wp\/v2\/media\/19517"}],"wp:attachment":[{"href":"https:\/\/www.maisbn.com\/portal\/wp-json\/wp\/v2\/media?parent=19506"}],"wp:term":[{"taxonomy":"category","embeddable":true,"href":"https:\/\/www.maisbn.com\/portal\/wp-json\/wp\/v2\/categories?post=19506"},{"taxonomy":"post_tag","embeddable":true,"href":"https:\/\/www.maisbn.com\/portal\/wp-json\/wp\/v2\/tags?post=19506"}],"curies":[{"name":"wp","href":"https:\/\/api.w.org\/{rel}","templated":true}]}}