{"id":19500,"date":"2018-08-16T11:18:28","date_gmt":"2018-08-16T14:18:28","guid":{"rendered":"http:\/\/www.maisbn.com\/portal\/?p=19500"},"modified":"2018-08-16T11:18:28","modified_gmt":"2018-08-16T14:18:28","slug":"2a-feira-de-saude-disponibiliza-atendimentos-medicos-aos-moradores-de-santa-maria-eterna","status":"publish","type":"post","link":"https:\/\/www.maisbn.com\/portal\/2018\/08\/2a-feira-de-saude-disponibiliza-atendimentos-medicos-aos-moradores-de-santa-maria-eterna\/","title":{"rendered":"2\u00aa Feira de Sa\u00fade disponibiliza atendimentos m\u00e9dicos aos moradores de Santa Maria Eterna."},"content":{"rendered":"<p>A Prefeitura Municipal de Belmonte, por meio de sua Secretaria de Sa\u00fade, realizou no \u00faltimo s\u00e1bado (11\/08) a 2\u00aa Feira de Sa\u00fade de Santa Maria Eterna, onde foi disponibilizado para a popula\u00e7\u00e3o diversos atendimentos e acompanhamentos m\u00e9dicos.<\/p>\n<p><a href=\"http:\/\/www.maisbn.com\/portal\/wp-content\/uploads\/2018\/08\/WhatsApp-Image-2018-08-09-at-8.48.16-AM.jpeg\"><img loading=\"lazy\" decoding=\"async\" class=\"aligncenter  wp-image-19501\" src=\"http:\/\/www.maisbn.com\/portal\/wp-content\/uploads\/2018\/08\/WhatsApp-Image-2018-08-09-at-8.48.16-AM-1000x750.jpeg\" alt=\"WhatsApp Image 2018-08-09 at 8.48.16 AM\" width=\"581\" height=\"436\" srcset=\"https:\/\/www.maisbn.com\/portal\/wp-content\/uploads\/2018\/08\/WhatsApp-Image-2018-08-09-at-8.48.16-AM-1000x750.jpeg 1000w, https:\/\/www.maisbn.com\/portal\/wp-content\/uploads\/2018\/08\/WhatsApp-Image-2018-08-09-at-8.48.16-AM.jpeg 1040w\" sizes=\"auto, (max-width: 581px) 100vw, 581px\" \/><\/a><\/p>\n<p>Os atendimentos aconteceram no Posto de Sa\u00fade da Fam\u00edlia e na Escola Municipal Vit\u00f3ria Paternostro. A Feira de Sa\u00fade ainda contou com equipes de Agentes Comunit\u00e1rios que visitaram as resid\u00eancias mais distante com o objetivo de garantir os servi\u00e7os \u00e0s pessoas com dificuldades de movimenta\u00e7\u00e3o. O evento ocorreu durante todo o dia e foram realizados os seguintes atendimentos:\u00a0 Confec\u00e7\u00e3o de 123 Cart\u00e3o SUS, 53 coletas de exames preventivos,\u00a015 visitas compartilhada do NASF, 78 Atendimento em grupo com a psic\u00f3loga , 114 testes r\u00e1pidos, 32 consultas com cirurgi\u00e3o, 20 consultas com o pediatra, 110 coletas de exames laboratoriais, 88 escova\u00e7\u00e3o assistida e fluoreta\u00e7\u00e3o em crian\u00e7as, 35 fluoreta\u00e7\u00e3o em adultos, 10 exodontia, 300 avalia\u00e7\u00f5es antropom\u00e9trica, 208 pessoas vacinadas, 68 consultas com cl\u00ednico geral, 25 consultas com a nutricionista e 15 atendimento em grupo com a nutricionista.<\/p>\n<p><a href=\"http:\/\/www.maisbn.com\/portal\/wp-content\/uploads\/2018\/08\/mosaico_feiradesaude2.jpg\"><img loading=\"lazy\" decoding=\"async\" class=\"aligncenter  wp-image-19503\" src=\"http:\/\/www.maisbn.com\/portal\/wp-content\/uploads\/2018\/08\/mosaico_feiradesaude2.jpg\" alt=\"mosaico_feiradesaude2\" width=\"600\" height=\"386\" \/><\/a><\/p>\n<p>&nbsp;<\/p>\n<p>O Secret\u00e1rio T\u00e1rcio Lapa acompanhou o andamento dos servi\u00e7os e colocou que o evento faz parte do calend\u00e1rio da Sa\u00fade Municipal em andamento desde o in\u00edcio desse ano. T\u00e1rcio ainda colocou que nos pr\u00f3ximos dias acontecer\u00e1 a entrega dos resultados dos exames m\u00e9dicos e que j\u00e1 est\u00e1 sendo montada toda a estrutura para o atendimento das pessoas que precisarem de acompanhamento m\u00e9dico. <strong><em>&#8220;Estamos cumprindo a determina\u00e7\u00e3o do Prefeito Janival Borges que, desde o in\u00edcio do mandato, colocou como meta principal a qualidade dos atendimentos de sa\u00fade em Belmonte. Enfrentamos muitas dificuldades, mas conseguimos avan\u00e7ar e hoje estamos equipando totalmente o Hospital Pinto Dantas e promovendo melhorias, fazendo com que os belmontenses de todos os cantos do munic\u00edpio tenham acesso aos atendimentos de sa\u00fade b\u00e1sica.&#8221;<\/em> <\/strong>&#8211; Finalizou T\u00e1rcio que estava representando o Prefeito Janival Borges que se encontra em viagem.<\/p>\n","protected":false},"excerpt":{"rendered":"<p>A Prefeitura Municipal de Belmonte, por meio de sua Secretaria de Sa\u00fade, realizou no \u00faltimo s\u00e1bado (11\/08) a 2\u00aa Feira de Sa\u00fade de Santa Maria Eterna, onde foi disponibilizado para a popula\u00e7\u00e3o diversos atendimentos e acompanhamentos m\u00e9dicos. Os atendimentos aconteceram no Posto de Sa\u00fade da Fam\u00edlia e na Escola Municipal Vit\u00f3ria Paternostro. A Feira de [&hellip;]<\/p>\n","protected":false},"author":7,"featured_media":19504,"comment_status":"open","ping_status":"open","sticky":false,"template":"","format":"standard","meta":{"footnotes":""},"categories":[1,28],"tags":[108],"class_list":["post-19500","post","type-post","status-publish","format-standard","has-post-thumbnail","hentry","category-noticias","category-saude-noticias","tag-belmonte"],"_links":{"self":[{"href":"https:\/\/www.maisbn.com\/portal\/wp-json\/wp\/v2\/posts\/19500","targetHints":{"allow":["GET"]}}],"collection":[{"href":"https:\/\/www.maisbn.com\/portal\/wp-json\/wp\/v2\/posts"}],"about":[{"href":"https:\/\/www.maisbn.com\/portal\/wp-json\/wp\/v2\/types\/post"}],"author":[{"embeddable":true,"href":"https:\/\/www.maisbn.com\/portal\/wp-json\/wp\/v2\/users\/7"}],"replies":[{"embeddable":true,"href":"https:\/\/www.maisbn.com\/portal\/wp-json\/wp\/v2\/comments?post=19500"}],"version-history":[{"count":1,"href":"https:\/\/www.maisbn.com\/portal\/wp-json\/wp\/v2\/posts\/19500\/revisions"}],"predecessor-version":[{"id":19505,"href":"https:\/\/www.maisbn.com\/portal\/wp-json\/wp\/v2\/posts\/19500\/revisions\/19505"}],"wp:featuredmedia":[{"embeddable":true,"href":"https:\/\/www.maisbn.com\/portal\/wp-json\/wp\/v2\/media\/19504"}],"wp:attachment":[{"href":"https:\/\/www.maisbn.com\/portal\/wp-json\/wp\/v2\/media?parent=19500"}],"wp:term":[{"taxonomy":"category","embeddable":true,"href":"https:\/\/www.maisbn.com\/portal\/wp-json\/wp\/v2\/categories?post=19500"},{"taxonomy":"post_tag","embeddable":true,"href":"https:\/\/www.maisbn.com\/portal\/wp-json\/wp\/v2\/tags?post=19500"}],"curies":[{"name":"wp","href":"https:\/\/api.w.org\/{rel}","templated":true}]}}