{"id":19427,"date":"2018-08-09T16:02:56","date_gmt":"2018-08-09T19:02:56","guid":{"rendered":"http:\/\/www.maisbn.com\/portal\/?p=19427"},"modified":"2018-08-09T16:03:42","modified_gmt":"2018-08-09T19:03:42","slug":"trabalhadores-da-educacao-recebem-homenagem-na-camara-de-vereadores","status":"publish","type":"post","link":"https:\/\/www.maisbn.com\/portal\/2018\/08\/trabalhadores-da-educacao-recebem-homenagem-na-camara-de-vereadores\/","title":{"rendered":"TRABALHADORES DA EDUCA\u00c7\u00c3O RECEBEM HOMENAGEM NA C\u00c2MARA DE VEREADORES."},"content":{"rendered":"<p>A Prefeitura Municipal de Belmonte, por meio da Secretaria Municipal de Educa\u00e7\u00e3o e a C\u00e2mara Municipal de Vereadores, promoveu um evento em homenagem ao dia dos profissionais em Educa\u00e7\u00e3o n\u00e3o docente do munic\u00edpio de Belmonte.<\/p>\n<p><a href=\"http:\/\/www.maisbn.com\/portal\/wp-content\/uploads\/2018\/08\/homenagem_educacao.jpg\"><img loading=\"lazy\" decoding=\"async\" class=\"aligncenter size-full wp-image-19428\" src=\"http:\/\/www.maisbn.com\/portal\/wp-content\/uploads\/2018\/08\/homenagem_educacao.jpg\" alt=\"homenagem_educacao\" width=\"600\" height=\"338\" \/><\/a><\/p>\n<p>O evento aconteceu na C\u00e2mara Municipal de Vereadores na noite da \u00faltima segunda-feira (06\/08) com a presen\u00e7a de trabalhadores em Educa\u00e7\u00e3o, como: Vigilantes, porteiros, auxiliar de servi\u00e7os gerais, agentes administrativos, motoristas, professores, vereadores, secret\u00e1rios de governo e o Prefeito Janival Borges. Durante a cerim\u00f4nia, foi entregue aos homenageados um t\u00edtulo de congratula\u00e7\u00e3o em reconhecimento aos servi\u00e7os prestados a Educa\u00e7\u00e3o Belmontense.<\/p>\n<p><a href=\"http:\/\/www.maisbn.com\/portal\/wp-content\/uploads\/2018\/08\/HomenagemEducacao2.jpg\"><img loading=\"lazy\" decoding=\"async\" class=\"aligncenter size-full wp-image-19429\" src=\"http:\/\/www.maisbn.com\/portal\/wp-content\/uploads\/2018\/08\/HomenagemEducacao2.jpg\" alt=\"HomenagemEducacao2\" width=\"540\" height=\"344\" \/><\/a><\/p>\n<p>O Dia Municipal dos trabalhadores na Educa\u00e7\u00e3o N\u00e3o Docentes surgiu a partir do projeto de lei de autoria do vereador Rog\u00e9rio Bahia que deu origem a lei n\u00ba 10\/2018. O objetivo da data \u00e9 valorizar e lembrar desses profissionais e seus importantes servi\u00e7os prestados \u00e0 educa\u00e7\u00e3o belmontense. <strong><em>&#8220;Esses profissionais n\u00e3o est\u00e3o nas salas de aula, mas cuidam e d\u00e3o suporte para que o milagre da educa\u00e7\u00e3o dos nossos filhos aconte\u00e7am de forma plena. Os trabalhos.&#8221;<\/em> <\/strong>&#8211; Comentou o Vereador Rog\u00e9rio Bahia.<\/p>\n<p><a href=\"http:\/\/www.maisbn.com\/portal\/wp-content\/uploads\/2018\/08\/homenagemeducacao00001.jpg\"><img loading=\"lazy\" decoding=\"async\" class=\"aligncenter wp-image-19430\" src=\"http:\/\/www.maisbn.com\/portal\/wp-content\/uploads\/2018\/08\/homenagemeducacao00001.jpg\" alt=\"homenagemeducacao00001\" width=\"600\" height=\"385\" \/><\/a><\/p>\n<p>Dentre os profissionais da educa\u00e7\u00e3o homenageados se destacaram as seguintes pessoas: Manuela Borges da Silva, Ivan Carlos Pinto Barbosa, Tiago Oliveira da Silva, Felisbela de Almeida Santana, Maria Juliana dos Santos Souza, Andreia Carla Concei\u00e7\u00e3o Santos, Irene Maria da C. Machado, Zorilda Matos Andrade, Edna Cruz Ferreira, Valdirene Silva de Farias, Vanusia Ribeiro dos Santos, Claudia Rego da Silva Paiva, Rodrigo Silva Martins, Eliete Oliveira dos Santos, Katiucia Teixeira Santos, Edjaldo Santos Moreira.<\/p>\n<p><strong><em>Informa\u00e7\u00f5es: Portal do Guaiamum<\/em><\/strong><\/p>\n<p>&nbsp;<\/p>\n","protected":false},"excerpt":{"rendered":"<p>A Prefeitura Municipal de Belmonte, por meio da Secretaria Municipal de Educa\u00e7\u00e3o e a C\u00e2mara Municipal de Vereadores, promoveu um evento em homenagem ao dia dos profissionais em Educa\u00e7\u00e3o n\u00e3o docente do munic\u00edpio de Belmonte. O evento aconteceu na C\u00e2mara Municipal de Vereadores na noite da \u00faltima segunda-feira (06\/08) com a presen\u00e7a de trabalhadores em [&hellip;]<\/p>\n","protected":false},"author":7,"featured_media":19428,"comment_status":"open","ping_status":"open","sticky":false,"template":"","format":"standard","meta":{"footnotes":""},"categories":[8,1],"tags":[108],"class_list":["post-19427","post","type-post","status-publish","format-standard","has-post-thumbnail","hentry","category-educacao","category-noticias","tag-belmonte"],"_links":{"self":[{"href":"https:\/\/www.maisbn.com\/portal\/wp-json\/wp\/v2\/posts\/19427","targetHints":{"allow":["GET"]}}],"collection":[{"href":"https:\/\/www.maisbn.com\/portal\/wp-json\/wp\/v2\/posts"}],"about":[{"href":"https:\/\/www.maisbn.com\/portal\/wp-json\/wp\/v2\/types\/post"}],"author":[{"embeddable":true,"href":"https:\/\/www.maisbn.com\/portal\/wp-json\/wp\/v2\/users\/7"}],"replies":[{"embeddable":true,"href":"https:\/\/www.maisbn.com\/portal\/wp-json\/wp\/v2\/comments?post=19427"}],"version-history":[{"count":2,"href":"https:\/\/www.maisbn.com\/portal\/wp-json\/wp\/v2\/posts\/19427\/revisions"}],"predecessor-version":[{"id":19432,"href":"https:\/\/www.maisbn.com\/portal\/wp-json\/wp\/v2\/posts\/19427\/revisions\/19432"}],"wp:featuredmedia":[{"embeddable":true,"href":"https:\/\/www.maisbn.com\/portal\/wp-json\/wp\/v2\/media\/19428"}],"wp:attachment":[{"href":"https:\/\/www.maisbn.com\/portal\/wp-json\/wp\/v2\/media?parent=19427"}],"wp:term":[{"taxonomy":"category","embeddable":true,"href":"https:\/\/www.maisbn.com\/portal\/wp-json\/wp\/v2\/categories?post=19427"},{"taxonomy":"post_tag","embeddable":true,"href":"https:\/\/www.maisbn.com\/portal\/wp-json\/wp\/v2\/tags?post=19427"}],"curies":[{"name":"wp","href":"https:\/\/api.w.org\/{rel}","templated":true}]}}