{"id":19385,"date":"2018-08-06T10:40:37","date_gmt":"2018-08-06T13:40:37","guid":{"rendered":"http:\/\/www.maisbn.com\/portal\/?p=19385"},"modified":"2018-08-06T10:40:37","modified_gmt":"2018-08-06T13:40:37","slug":"secretaria-de-saude-realizara-a-2a-feira-de-saude-do-distrito-de-santa-maria-eterna","status":"publish","type":"post","link":"https:\/\/www.maisbn.com\/portal\/2018\/08\/secretaria-de-saude-realizara-a-2a-feira-de-saude-do-distrito-de-santa-maria-eterna\/","title":{"rendered":"Secretaria de Sa\u00fade realizar\u00e1 a 2\u00aa Feira de Sa\u00fade do Distrito de Santa Maria Eterna."},"content":{"rendered":"<p><a href=\"http:\/\/www.maisbn.com\/portal\/wp-content\/uploads\/2018\/08\/WhatsApp-Image-2018-08-06-at-9.42.47-AM-1.jpeg\"><img loading=\"lazy\" decoding=\"async\" class=\"wp-image-19386 aligncenter\" src=\"http:\/\/www.maisbn.com\/portal\/wp-content\/uploads\/2018\/08\/WhatsApp-Image-2018-08-06-at-9.42.47-AM-1-1000x671.jpeg\" alt=\"WhatsApp Image 2018-08-06 at 9.42.47 AM (1)\" width=\"600\" height=\"403\" srcset=\"https:\/\/www.maisbn.com\/portal\/wp-content\/uploads\/2018\/08\/WhatsApp-Image-2018-08-06-at-9.42.47-AM-1-1000x671.jpeg 1000w, https:\/\/www.maisbn.com\/portal\/wp-content\/uploads\/2018\/08\/WhatsApp-Image-2018-08-06-at-9.42.47-AM-1.jpeg 1105w\" sizes=\"auto, (max-width: 600px) 100vw, 600px\" \/><\/a><\/p>\n<p>A Secretaria Municipal de Sa\u00fade de Belmonte informa que na pr\u00f3xima quinta-feira (09\/08) acontecer\u00e1 a 2\u00aa Feira de Sa\u00fade de Santa Maria Eterna, onde ser\u00e3o oferecidos v\u00e1rios servi\u00e7os para a comunidades do distrito e da zona rural da localidade. Os servi\u00e7os oferecidos ser\u00e3o:\u00a0Consultas m\u00e9dicas,\u00a0Consultas com cirurgi\u00e3o,\u00a0Consultas com Pediatra,\u00a0Consultas com a Nutricionista,\u00a0Testes R\u00e1pidos,\u00a0Vacina\u00e7\u00e3o,\u00a0Cart\u00e3o SUS, Coleta de preventivo, Consultas Odontol\u00f3gicas, Coletas de exames laboratoriais, Escova\u00e7\u00e3o assistida na Escola Vit\u00f3ria Paternostro, Atendimento com a Psic\u00f3loga na Escola Lourival Jo\u00e3o Maia, Visitas domiciliares com Fisioterapeutas e Assistente Social.<\/p>\n<p>Em conversa com o Prefeito Janival Borges, o mesmo afirmou que essas e outras a\u00e7\u00f5es ser\u00e3o constantes em sua gest\u00e3o. <strong><em>&#8220;Estamos empenhados totalmente na busca de melhores condi\u00e7\u00f5es para a sa\u00fade de Belmonte. J\u00e1 estamos com todos os equipamentos novos do hospital sendo instalados e agora estamos levando os servi\u00e7os para o interior do munic\u00edpio. Nossa meta \u00e9 conseguir universalizar a sa\u00fade para que ela chegue de maneira satisfat\u00f3ria a todas as comunidades do territ\u00f3rio belmontense.&#8221;<\/em> <\/strong>&#8211; Finalizou Janival.<\/p>\n<p>&nbsp;<\/p>\n","protected":false},"excerpt":{"rendered":"<p>A Secretaria Municipal de Sa\u00fade de Belmonte informa que na pr\u00f3xima quinta-feira (09\/08) acontecer\u00e1 a 2\u00aa Feira de Sa\u00fade de Santa Maria Eterna, onde ser\u00e3o oferecidos v\u00e1rios servi\u00e7os para a comunidades do distrito e da zona rural da localidade. Os servi\u00e7os oferecidos ser\u00e3o:\u00a0Consultas m\u00e9dicas,\u00a0Consultas com cirurgi\u00e3o,\u00a0Consultas com Pediatra,\u00a0Consultas com a Nutricionista,\u00a0Testes R\u00e1pidos,\u00a0Vacina\u00e7\u00e3o,\u00a0Cart\u00e3o SUS, Coleta de [&hellip;]<\/p>\n","protected":false},"author":7,"featured_media":19372,"comment_status":"open","ping_status":"open","sticky":false,"template":"","format":"standard","meta":{"footnotes":""},"categories":[1,28],"tags":[108],"class_list":["post-19385","post","type-post","status-publish","format-standard","has-post-thumbnail","hentry","category-noticias","category-saude-noticias","tag-belmonte"],"_links":{"self":[{"href":"https:\/\/www.maisbn.com\/portal\/wp-json\/wp\/v2\/posts\/19385","targetHints":{"allow":["GET"]}}],"collection":[{"href":"https:\/\/www.maisbn.com\/portal\/wp-json\/wp\/v2\/posts"}],"about":[{"href":"https:\/\/www.maisbn.com\/portal\/wp-json\/wp\/v2\/types\/post"}],"author":[{"embeddable":true,"href":"https:\/\/www.maisbn.com\/portal\/wp-json\/wp\/v2\/users\/7"}],"replies":[{"embeddable":true,"href":"https:\/\/www.maisbn.com\/portal\/wp-json\/wp\/v2\/comments?post=19385"}],"version-history":[{"count":1,"href":"https:\/\/www.maisbn.com\/portal\/wp-json\/wp\/v2\/posts\/19385\/revisions"}],"predecessor-version":[{"id":19387,"href":"https:\/\/www.maisbn.com\/portal\/wp-json\/wp\/v2\/posts\/19385\/revisions\/19387"}],"wp:featuredmedia":[{"embeddable":true,"href":"https:\/\/www.maisbn.com\/portal\/wp-json\/wp\/v2\/media\/19372"}],"wp:attachment":[{"href":"https:\/\/www.maisbn.com\/portal\/wp-json\/wp\/v2\/media?parent=19385"}],"wp:term":[{"taxonomy":"category","embeddable":true,"href":"https:\/\/www.maisbn.com\/portal\/wp-json\/wp\/v2\/categories?post=19385"},{"taxonomy":"post_tag","embeddable":true,"href":"https:\/\/www.maisbn.com\/portal\/wp-json\/wp\/v2\/tags?post=19385"}],"curies":[{"name":"wp","href":"https:\/\/api.w.org\/{rel}","templated":true}]}}