{"id":19383,"date":"2018-08-06T10:07:36","date_gmt":"2018-08-06T13:07:36","guid":{"rendered":"http:\/\/www.maisbn.com\/portal\/?p=19383"},"modified":"2018-08-06T10:07:36","modified_gmt":"2018-08-06T13:07:36","slug":"janio-natal-confirma-participacao-no-chapao-de-deputados-que-apoiam-o-governador-rui-costa","status":"publish","type":"post","link":"https:\/\/www.maisbn.com\/portal\/2018\/08\/janio-natal-confirma-participacao-no-chapao-de-deputados-que-apoiam-o-governador-rui-costa\/","title":{"rendered":"J\u00e2nio Natal confirma participa\u00e7\u00e3o no &#8220;chap\u00e3o&#8221; de deputados que apoiam o Governador Rui Costa."},"content":{"rendered":"<p><a href=\"http:\/\/www.maisbn.com\/portal\/wp-content\/uploads\/2016\/02\/dep_janio_natal.jpg\"><img loading=\"lazy\" decoding=\"async\" class=\"size-full wp-image-10178 aligncenter\" src=\"http:\/\/www.maisbn.com\/portal\/wp-content\/uploads\/2016\/02\/dep_janio_natal.jpg\" alt=\"dep_janio_natal\" width=\"530\" height=\"352\" \/><\/a><\/p>\n<p>Confiante na sua reelei\u00e7\u00e3o, o deputado estadual J\u00e2nio Natal (Podemos) confirmou \u00e0 imprensa, na noite de sexta-feira, 3 de agosto, a forma\u00e7\u00e3o do chap\u00e3o com todos candidatos a deputado estadual (cerca de 42) de todas as legendas da base aliada do governador Rui Costa, apenas o PCdoB ficar\u00e1 de fora do chap\u00e3o, mas dentro da alian\u00e7a com o governador.<\/p>\n<p>Neste cen\u00e1rio, na regi\u00e3o da Costa do Descobrimento, por exemplo, v\u00e3o disputar vaga na Assembleia Legislativa no chap\u00e3o governista: J\u00e2nio (reelei\u00e7\u00e3o), Cord\u00e9lia (PMB) e Larissa (PSD). Na estimativa do parlamentar do Podemos, para se eleger nessa configura\u00e7\u00e3o um deputado ter\u00e1 que alcan\u00e7ar entre 42 a 46 mil votos. O mesmo ainda afirmou que toda a sua campanha foca nesse patamar de vota\u00e7\u00e3o e que est\u00e1 contando com uma forte alian\u00e7a empenhada em eleger lideran\u00e7as que estejam alinhadas com os anseios da regi\u00e3o.<\/p>\n","protected":false},"excerpt":{"rendered":"<p>Confiante na sua reelei\u00e7\u00e3o, o deputado estadual J\u00e2nio Natal (Podemos) confirmou \u00e0 imprensa, na noite de sexta-feira, 3 de agosto, a forma\u00e7\u00e3o do chap\u00e3o com todos candidatos a deputado estadual (cerca de 42) de todas as legendas da base aliada do governador Rui Costa, apenas o PCdoB ficar\u00e1 de fora do chap\u00e3o, mas dentro da [&hellip;]<\/p>\n","protected":false},"author":7,"featured_media":10178,"comment_status":"open","ping_status":"open","sticky":false,"template":"","format":"standard","meta":{"footnotes":""},"categories":[1],"tags":[],"class_list":["post-19383","post","type-post","status-publish","format-standard","has-post-thumbnail","hentry","category-noticias"],"_links":{"self":[{"href":"https:\/\/www.maisbn.com\/portal\/wp-json\/wp\/v2\/posts\/19383","targetHints":{"allow":["GET"]}}],"collection":[{"href":"https:\/\/www.maisbn.com\/portal\/wp-json\/wp\/v2\/posts"}],"about":[{"href":"https:\/\/www.maisbn.com\/portal\/wp-json\/wp\/v2\/types\/post"}],"author":[{"embeddable":true,"href":"https:\/\/www.maisbn.com\/portal\/wp-json\/wp\/v2\/users\/7"}],"replies":[{"embeddable":true,"href":"https:\/\/www.maisbn.com\/portal\/wp-json\/wp\/v2\/comments?post=19383"}],"version-history":[{"count":1,"href":"https:\/\/www.maisbn.com\/portal\/wp-json\/wp\/v2\/posts\/19383\/revisions"}],"predecessor-version":[{"id":19384,"href":"https:\/\/www.maisbn.com\/portal\/wp-json\/wp\/v2\/posts\/19383\/revisions\/19384"}],"wp:featuredmedia":[{"embeddable":true,"href":"https:\/\/www.maisbn.com\/portal\/wp-json\/wp\/v2\/media\/10178"}],"wp:attachment":[{"href":"https:\/\/www.maisbn.com\/portal\/wp-json\/wp\/v2\/media?parent=19383"}],"wp:term":[{"taxonomy":"category","embeddable":true,"href":"https:\/\/www.maisbn.com\/portal\/wp-json\/wp\/v2\/categories?post=19383"},{"taxonomy":"post_tag","embeddable":true,"href":"https:\/\/www.maisbn.com\/portal\/wp-json\/wp\/v2\/tags?post=19383"}],"curies":[{"name":"wp","href":"https:\/\/api.w.org\/{rel}","templated":true}]}}